{"id":8668,"date":"2023-09-27T10:03:49","date_gmt":"2023-09-27T10:03:49","guid":{"rendered":"https:\/\/cursadebombers.barcelona\/?p=8668"},"modified":"2023-09-27T10:03:49","modified_gmt":"2023-09-27T10:03:49","slug":"aigues-de-barcelona-hidrata-de-nuevo-la-vueling-cursa-de-bombers-de-barcelona","status":"publish","type":"post","link":"https:\/\/cursadebombers.barcelona\/es\/2023\/09\/27\/aigues-de-barcelona-hidrata-de-nuevo-la-vueling-cursa-de-bombers-de-barcelona\/","title":{"rendered":"Aig\u00fces de Barcelona hidrata de nuevo la Vueling Cursa de Bombers de Barcelona"},"content":{"rendered":"<p>[et_pb_section fb_built=\u00bb1&#8243; _builder_version=\u00bb4.9.10&#8243; _module_preset=\u00bbdefault\u00bb custom_padding=\u00bb46px|||||\u00bb][et_pb_row _builder_version=\u00bb4.9.10&#8243; _module_preset=\u00bbdefault\u00bb min_height=\u00bb1732.6px\u00bb][et_pb_column type=\u00bb4_4&#8243; _builder_version=\u00bb4.9.10&#8243; _module_preset=\u00bbdefault\u00bb][et_pb_text _builder_version=\u00bb4.9.10&#8243; _module_preset=\u00bbdefault\u00bb text_line_height=\u00bb1.5em\u00bb]<\/p>\n<ul>\n<li aria-level=\"1\"><b>Los avituallamientos de la Vueling Cursa de Bombers correr\u00e1n de nuevo a cargo de Aig\u00fces de Barcelona <\/b><b><\/b><\/li>\n<li aria-level=\"1\"><b>Se encontrar\u00e1n en el kil\u00f3metro 5 y en la llegada<\/b><\/li>\n<\/ul>\n<p>[\/et_pb_text][et_pb_text _builder_version=\u00bb4.9.10&#8243; _module_preset=\u00bbdefault\u00bb text_line_height=\u00bb1.5em\u00bb hover_enabled=\u00bb0&#8243; sticky_enabled=\u00bb0&#8243;]<\/p>\n<p style=\"text-align: justify;\"><span style=\"font-weight: 400;\"><span style=\"color: #0c71c3;\"><a style=\"color: #0c71c3;\" href=\"https:\/\/www.aiguesdebarcelona.cat\/es\/\"><strong>Aig\u00fces de Barcelona<\/strong><\/a><\/span> renueva su compromiso como<strong> proveedor oficial de avituallamiento sostenible<\/strong> para la Vueling Cursa de Bombers, consolidando una colaboraci\u00f3n que ya suma su cuarta edici\u00f3n consecutiva.<br \/>\nEl pr\u00f3ximo 22 de octubre, la compa\u00f1\u00eda se encargar\u00e1 nuevamente de establecer y gestionar los puntos de avituallamiento sostenible durante este destacado acontecimiento deportivo.<br \/>\nAs\u00ed pues, este a\u00f1o Aig\u00fces de Barcelona volver\u00e1 a establecer dos puntos estrat\u00e9gicos de avituallamiento, donde se brinda hidrataci\u00f3n y apoyo en los corredores y bomberos participantes durante los 10KM.<\/span><\/p>\n<p>[\/et_pb_text][et_pb_image src=\u00bbhttps:\/\/cursadebombers.barcelona\/wp-content\/uploads\/2023\/09\/52449655052_7f5ddcc534_o-scaled.jpg\u00bb title_text=\u00bb52449655052_7f5ddcc534_o\u00bb align=\u00bbcenter\u00bb _builder_version=\u00bb4.9.10&#8243; _module_preset=\u00bbdefault\u00bb][\/et_pb_image][et_pb_text _builder_version=\u00bb4.9.10&#8243; _module_preset=\u00bbdefault\u00bb text_line_height=\u00bb1.5em\u00bb hover_enabled=\u00bb0&#8243; sticky_enabled=\u00bb0&#8243;]<\/p>\n<p style=\"text-align: justify;\">El primer avituallamiento ser\u00e1 en el <strong>kil\u00f3metro 5<\/strong>, concreatament a Plaza Universidad &#8211; Grande V\u00eda, y el segundo a <strong>la llegada<\/strong>. Con esto fortalece su papel como el punto de avituallamiento oficial y sostenible de la Vueling Carrera de Bomberos, manteniendo su compromiso que se ha mantenido firme durante cuatro a\u00f1os consecutivos.<br \/>\nAdem\u00e1s, todo el proceso de avituallamiento se llevar\u00e1 a cabo de manera sostenible para reflejar el compromiso compartido entre Aig\u00fces de Barcelona y la organizaci\u00f3n de la Vueling Carrera de Bomberos para reducir al m\u00e1ximo el impacto ambiental del acontecimiento. En este sentido, se implementar\u00e1n medidas ecol\u00f3gicas, incluyendo la eliminaci\u00f3n de cualquier residuo pl\u00e1stico en cada uno de los puntos de hidrataci\u00f3n.<br \/>\nEl paseo de picasso ya espera a los miles de runners Las inscripciones todav\u00eda est\u00e1n abiertas para disfrutar de la fiesta de running m\u00e1s esperada el pr\u00f3xim 22 de octubre.<br \/>\nA que est\u00e1s esperando para unirte a la experiencia?<\/p>\n<p>[\/et_pb_text][et_pb_button button_url=\u00bbhttps:\/\/xipgroc.cat\/es\/curses\/Bombers2023\/10k\/inscripcio\/cursa\u00bb url_new_window=\u00bbon\u00bb button_text=\u00bbInscr\u00edbete aqu\u00ed\u00bb button_alignment=\u00bbcenter\u00bb _builder_version=\u00bb4.9.10&#8243; _module_preset=\u00bbdefault\u00bb custom_button=\u00bbon\u00bb button_text_color=\u00bb#0C71C3&#8243;][\/et_pb_button][\/et_pb_column][\/et_pb_row][\/et_pb_section]<\/p>\n","protected":false},"excerpt":{"rendered":"<p>Los avituallamientos de la Vueling Cursa de Bombers correr\u00e1n de nuevo a cargo de Aig\u00fces de Barcelona y se encontrar\u00e1n en el kil\u00f3metro 5 y en la llegada<\/p>\n","protected":false},"author":4,"featured_media":8669,"comment_status":"closed","ping_status":"closed","sticky":false,"template":"","format":"standard","meta":{"_et_pb_use_builder":"on","_et_pb_old_content":"","_et_gb_content_width":"","footnotes":""},"categories":[1],"tags":[180,13,14,181,15,144],"class_list":["post-8668","post","type-post","status-publish","format-standard","has-post-thumbnail","hentry","category-noticias","tag-aigues","tag-barcelona-es","tag-bombers-es","tag-correr-es","tag-cursa-es","tag-vueling-es"],"yoast_head":"<!-- This site is optimized with the Yoast SEO plugin v27.2 - https:\/\/yoast.com\/product\/yoast-seo-wordpress\/ -->\n<title>Aig\u00fces de Barcelona y la Vueling Cursa de Bombers de Barcelona<\/title>\n<meta name=\"description\" content=\"Los avituallamientos de la Vueling Cursa de Bombers correr\u00e1n de nuevo a cargo de Aig\u00fces de Barcelona y se encontrar\u00e1n en el kil\u00f3metro 5 y en la llegada\" \/>\n<meta name=\"robots\" content=\"index, follow, max-snippet:-1, max-image-preview:large, max-video-preview:-1\" \/>\n<link rel=\"canonical\" href=\"https:\/\/cursadebombers.barcelona\/es\/2023\/09\/27\/aigues-de-barcelona-hidrata-de-nuevo-la-vueling-cursa-de-bombers-de-barcelona\/\" \/>\n<meta property=\"og:locale\" content=\"es_ES\" \/>\n<meta property=\"og:type\" content=\"article\" \/>\n<meta property=\"og:title\" content=\"Aig\u00fces de Barcelona y la Vueling Cursa de Bombers de Barcelona\" \/>\n<meta property=\"og:description\" content=\"Los avituallamientos de la Vueling Cursa de Bombers correr\u00e1n de nuevo a cargo de Aig\u00fces de Barcelona y se encontrar\u00e1n en el kil\u00f3metro 5 y en la llegada\" \/>\n<meta property=\"og:url\" content=\"https:\/\/cursadebombers.barcelona\/es\/2023\/09\/27\/aigues-de-barcelona-hidrata-de-nuevo-la-vueling-cursa-de-bombers-de-barcelona\/\" \/>\n<meta property=\"og:site_name\" content=\"Cursa de Bombers\" \/>\n<meta property=\"article:publisher\" content=\"https:\/\/www.facebook.com\/CursadeBombers\/\" \/>\n<meta property=\"article:published_time\" content=\"2023-09-27T10:03:49+00:00\" \/>\n<meta property=\"og:image\" content=\"https:\/\/cursadebombers.barcelona\/wp-content\/uploads\/2023\/09\/52450699408_9dc5bffecb_o-scaled.jpg\" \/>\n\t<meta property=\"og:image:width\" content=\"2560\" \/>\n\t<meta property=\"og:image:height\" content=\"1571\" \/>\n\t<meta property=\"og:image:type\" content=\"image\/jpeg\" \/>\n<meta name=\"author\" content=\"Toni\" \/>\n<meta name=\"twitter:card\" content=\"summary_large_image\" \/>\n<meta name=\"twitter:creator\" content=\"@cursadebombers\" \/>\n<meta name=\"twitter:site\" content=\"@cursadebombers\" \/>\n<meta name=\"twitter:label1\" content=\"Escrito por\" \/>\n\t<meta name=\"twitter:data1\" content=\"Toni\" \/>\n\t<meta name=\"twitter:label2\" content=\"Tiempo de lectura\" \/>\n\t<meta name=\"twitter:data2\" content=\"2 minutos\" \/>\n<script type=\"application\/ld+json\" class=\"yoast-schema-graph\">{\"@context\":\"https:\/\/schema.org\",\"@graph\":[{\"@type\":\"Article\",\"@id\":\"https:\/\/cursadebombers.barcelona\/es\/2023\/09\/27\/aigues-de-barcelona-hidrata-de-nuevo-la-vueling-cursa-de-bombers-de-barcelona\/#article\",\"isPartOf\":{\"@id\":\"https:\/\/cursadebombers.barcelona\/es\/2023\/09\/27\/aigues-de-barcelona-hidrata-de-nuevo-la-vueling-cursa-de-bombers-de-barcelona\/\"},\"author\":{\"name\":\"Toni\",\"@id\":\"https:\/\/cursadebombers.barcelona\/#\/schema\/person\/35d4ce676dd5e5d74d5c815d7644a99a\"},\"headline\":\"Aig\u00fces de Barcelona hidrata de nuevo la Vueling Cursa de Bombers de Barcelona\",\"datePublished\":\"2023-09-27T10:03:49+00:00\",\"mainEntityOfPage\":{\"@id\":\"https:\/\/cursadebombers.barcelona\/es\/2023\/09\/27\/aigues-de-barcelona-hidrata-de-nuevo-la-vueling-cursa-de-bombers-de-barcelona\/\"},\"wordCount\":467,\"publisher\":{\"@id\":\"https:\/\/cursadebombers.barcelona\/#organization\"},\"image\":{\"@id\":\"https:\/\/cursadebombers.barcelona\/es\/2023\/09\/27\/aigues-de-barcelona-hidrata-de-nuevo-la-vueling-cursa-de-bombers-de-barcelona\/#primaryimage\"},\"thumbnailUrl\":\"https:\/\/cursadebombers.barcelona\/wp-content\/uploads\/2023\/09\/52450699408_9dc5bffecb_o-scaled.jpg\",\"keywords\":[\"aigues\",\"barcelona\",\"bombers\",\"correr\",\"cursa\",\"Vueling\"],\"articleSection\":[\"Noticias\"],\"inLanguage\":\"es\"},{\"@type\":\"WebPage\",\"@id\":\"https:\/\/cursadebombers.barcelona\/es\/2023\/09\/27\/aigues-de-barcelona-hidrata-de-nuevo-la-vueling-cursa-de-bombers-de-barcelona\/\",\"url\":\"https:\/\/cursadebombers.barcelona\/es\/2023\/09\/27\/aigues-de-barcelona-hidrata-de-nuevo-la-vueling-cursa-de-bombers-de-barcelona\/\",\"name\":\"Aig\u00fces de Barcelona y la Vueling Cursa de Bombers de Barcelona\",\"isPartOf\":{\"@id\":\"https:\/\/cursadebombers.barcelona\/#website\"},\"primaryImageOfPage\":{\"@id\":\"https:\/\/cursadebombers.barcelona\/es\/2023\/09\/27\/aigues-de-barcelona-hidrata-de-nuevo-la-vueling-cursa-de-bombers-de-barcelona\/#primaryimage\"},\"image\":{\"@id\":\"https:\/\/cursadebombers.barcelona\/es\/2023\/09\/27\/aigues-de-barcelona-hidrata-de-nuevo-la-vueling-cursa-de-bombers-de-barcelona\/#primaryimage\"},\"thumbnailUrl\":\"https:\/\/cursadebombers.barcelona\/wp-content\/uploads\/2023\/09\/52450699408_9dc5bffecb_o-scaled.jpg\",\"datePublished\":\"2023-09-27T10:03:49+00:00\",\"description\":\"Los avituallamientos de la Vueling Cursa de Bombers correr\u00e1n de nuevo a cargo de Aig\u00fces de Barcelona y se encontrar\u00e1n en el kil\u00f3metro 5 y en la llegada\",\"breadcrumb\":{\"@id\":\"https:\/\/cursadebombers.barcelona\/es\/2023\/09\/27\/aigues-de-barcelona-hidrata-de-nuevo-la-vueling-cursa-de-bombers-de-barcelona\/#breadcrumb\"},\"inLanguage\":\"es\",\"potentialAction\":[{\"@type\":\"ReadAction\",\"target\":[\"https:\/\/cursadebombers.barcelona\/es\/2023\/09\/27\/aigues-de-barcelona-hidrata-de-nuevo-la-vueling-cursa-de-bombers-de-barcelona\/\"]}]},{\"@type\":\"ImageObject\",\"inLanguage\":\"es\",\"@id\":\"https:\/\/cursadebombers.barcelona\/es\/2023\/09\/27\/aigues-de-barcelona-hidrata-de-nuevo-la-vueling-cursa-de-bombers-de-barcelona\/#primaryimage\",\"url\":\"https:\/\/cursadebombers.barcelona\/wp-content\/uploads\/2023\/09\/52450699408_9dc5bffecb_o-scaled.jpg\",\"contentUrl\":\"https:\/\/cursadebombers.barcelona\/wp-content\/uploads\/2023\/09\/52450699408_9dc5bffecb_o-scaled.jpg\",\"width\":2560,\"height\":1571},{\"@type\":\"BreadcrumbList\",\"@id\":\"https:\/\/cursadebombers.barcelona\/es\/2023\/09\/27\/aigues-de-barcelona-hidrata-de-nuevo-la-vueling-cursa-de-bombers-de-barcelona\/#breadcrumb\",\"itemListElement\":[{\"@type\":\"ListItem\",\"position\":1,\"name\":\"Inici\",\"item\":\"https:\/\/cursadebombers.barcelona\/\"},{\"@type\":\"ListItem\",\"position\":2,\"name\":\"Aig\u00fces de Barcelona hidrata de nuevo la Vueling Cursa de Bombers de Barcelona\"}]},{\"@type\":\"WebSite\",\"@id\":\"https:\/\/cursadebombers.barcelona\/#website\",\"url\":\"https:\/\/cursadebombers.barcelona\/\",\"name\":\"Cursa de Bombers\",\"description\":\"La Cursa dels Bombers de Barcelona.\",\"publisher\":{\"@id\":\"https:\/\/cursadebombers.barcelona\/#organization\"},\"potentialAction\":[{\"@type\":\"SearchAction\",\"target\":{\"@type\":\"EntryPoint\",\"urlTemplate\":\"https:\/\/cursadebombers.barcelona\/?s={search_term_string}\"},\"query-input\":{\"@type\":\"PropertyValueSpecification\",\"valueRequired\":true,\"valueName\":\"search_term_string\"}}],\"inLanguage\":\"es\"},{\"@type\":\"Organization\",\"@id\":\"https:\/\/cursadebombers.barcelona\/#organization\",\"name\":\"Cursa de Bombers\",\"url\":\"https:\/\/cursadebombers.barcelona\/\",\"logo\":{\"@type\":\"ImageObject\",\"inLanguage\":\"es\",\"@id\":\"https:\/\/cursadebombers.barcelona\/#\/schema\/logo\/image\/\",\"url\":\"https:\/\/cursadebombers.barcelona\/wp-content\/uploads\/2025\/06\/logo-cursa-bombers-app.png\",\"contentUrl\":\"https:\/\/cursadebombers.barcelona\/wp-content\/uploads\/2025\/06\/logo-cursa-bombers-app.png\",\"width\":512,\"height\":512,\"caption\":\"Cursa de Bombers\"},\"image\":{\"@id\":\"https:\/\/cursadebombers.barcelona\/#\/schema\/logo\/image\/\"},\"sameAs\":[\"https:\/\/www.facebook.com\/CursadeBombers\/\",\"https:\/\/x.com\/cursadebombers\",\"https:\/\/www.instagram.com\/cursadebombers\/\"]},{\"@type\":\"Person\",\"@id\":\"https:\/\/cursadebombers.barcelona\/#\/schema\/person\/35d4ce676dd5e5d74d5c815d7644a99a\",\"name\":\"Toni\",\"url\":\"https:\/\/cursadebombers.barcelona\/es\/author\/toni\/\"}]}<\/script>\n<!-- \/ Yoast SEO plugin. -->","yoast_head_json":{"title":"Aig\u00fces de Barcelona y la Vueling Cursa de Bombers de Barcelona","description":"Los avituallamientos de la Vueling Cursa de Bombers correr\u00e1n de nuevo a cargo de Aig\u00fces de Barcelona y se encontrar\u00e1n en el kil\u00f3metro 5 y en la llegada","robots":{"index":"index","follow":"follow","max-snippet":"max-snippet:-1","max-image-preview":"max-image-preview:large","max-video-preview":"max-video-preview:-1"},"canonical":"https:\/\/cursadebombers.barcelona\/es\/2023\/09\/27\/aigues-de-barcelona-hidrata-de-nuevo-la-vueling-cursa-de-bombers-de-barcelona\/","og_locale":"es_ES","og_type":"article","og_title":"Aig\u00fces de Barcelona y la Vueling Cursa de Bombers de Barcelona","og_description":"Los avituallamientos de la Vueling Cursa de Bombers correr\u00e1n de nuevo a cargo de Aig\u00fces de Barcelona y se encontrar\u00e1n en el kil\u00f3metro 5 y en la llegada","og_url":"https:\/\/cursadebombers.barcelona\/es\/2023\/09\/27\/aigues-de-barcelona-hidrata-de-nuevo-la-vueling-cursa-de-bombers-de-barcelona\/","og_site_name":"Cursa de Bombers","article_publisher":"https:\/\/www.facebook.com\/CursadeBombers\/","article_published_time":"2023-09-27T10:03:49+00:00","og_image":[{"width":2560,"height":1571,"url":"https:\/\/cursadebombers.barcelona\/wp-content\/uploads\/2023\/09\/52450699408_9dc5bffecb_o-scaled.jpg","type":"image\/jpeg"}],"author":"Toni","twitter_card":"summary_large_image","twitter_creator":"@cursadebombers","twitter_site":"@cursadebombers","twitter_misc":{"Escrito por":"Toni","Tiempo de lectura":"2 minutos"},"schema":{"@context":"https:\/\/schema.org","@graph":[{"@type":"Article","@id":"https:\/\/cursadebombers.barcelona\/es\/2023\/09\/27\/aigues-de-barcelona-hidrata-de-nuevo-la-vueling-cursa-de-bombers-de-barcelona\/#article","isPartOf":{"@id":"https:\/\/cursadebombers.barcelona\/es\/2023\/09\/27\/aigues-de-barcelona-hidrata-de-nuevo-la-vueling-cursa-de-bombers-de-barcelona\/"},"author":{"name":"Toni","@id":"https:\/\/cursadebombers.barcelona\/#\/schema\/person\/35d4ce676dd5e5d74d5c815d7644a99a"},"headline":"Aig\u00fces de Barcelona hidrata de nuevo la Vueling Cursa de Bombers de Barcelona","datePublished":"2023-09-27T10:03:49+00:00","mainEntityOfPage":{"@id":"https:\/\/cursadebombers.barcelona\/es\/2023\/09\/27\/aigues-de-barcelona-hidrata-de-nuevo-la-vueling-cursa-de-bombers-de-barcelona\/"},"wordCount":467,"publisher":{"@id":"https:\/\/cursadebombers.barcelona\/#organization"},"image":{"@id":"https:\/\/cursadebombers.barcelona\/es\/2023\/09\/27\/aigues-de-barcelona-hidrata-de-nuevo-la-vueling-cursa-de-bombers-de-barcelona\/#primaryimage"},"thumbnailUrl":"https:\/\/cursadebombers.barcelona\/wp-content\/uploads\/2023\/09\/52450699408_9dc5bffecb_o-scaled.jpg","keywords":["aigues","barcelona","bombers","correr","cursa","Vueling"],"articleSection":["Noticias"],"inLanguage":"es"},{"@type":"WebPage","@id":"https:\/\/cursadebombers.barcelona\/es\/2023\/09\/27\/aigues-de-barcelona-hidrata-de-nuevo-la-vueling-cursa-de-bombers-de-barcelona\/","url":"https:\/\/cursadebombers.barcelona\/es\/2023\/09\/27\/aigues-de-barcelona-hidrata-de-nuevo-la-vueling-cursa-de-bombers-de-barcelona\/","name":"Aig\u00fces de Barcelona y la Vueling Cursa de Bombers de Barcelona","isPartOf":{"@id":"https:\/\/cursadebombers.barcelona\/#website"},"primaryImageOfPage":{"@id":"https:\/\/cursadebombers.barcelona\/es\/2023\/09\/27\/aigues-de-barcelona-hidrata-de-nuevo-la-vueling-cursa-de-bombers-de-barcelona\/#primaryimage"},"image":{"@id":"https:\/\/cursadebombers.barcelona\/es\/2023\/09\/27\/aigues-de-barcelona-hidrata-de-nuevo-la-vueling-cursa-de-bombers-de-barcelona\/#primaryimage"},"thumbnailUrl":"https:\/\/cursadebombers.barcelona\/wp-content\/uploads\/2023\/09\/52450699408_9dc5bffecb_o-scaled.jpg","datePublished":"2023-09-27T10:03:49+00:00","description":"Los avituallamientos de la Vueling Cursa de Bombers correr\u00e1n de nuevo a cargo de Aig\u00fces de Barcelona y se encontrar\u00e1n en el kil\u00f3metro 5 y en la llegada","breadcrumb":{"@id":"https:\/\/cursadebombers.barcelona\/es\/2023\/09\/27\/aigues-de-barcelona-hidrata-de-nuevo-la-vueling-cursa-de-bombers-de-barcelona\/#breadcrumb"},"inLanguage":"es","potentialAction":[{"@type":"ReadAction","target":["https:\/\/cursadebombers.barcelona\/es\/2023\/09\/27\/aigues-de-barcelona-hidrata-de-nuevo-la-vueling-cursa-de-bombers-de-barcelona\/"]}]},{"@type":"ImageObject","inLanguage":"es","@id":"https:\/\/cursadebombers.barcelona\/es\/2023\/09\/27\/aigues-de-barcelona-hidrata-de-nuevo-la-vueling-cursa-de-bombers-de-barcelona\/#primaryimage","url":"https:\/\/cursadebombers.barcelona\/wp-content\/uploads\/2023\/09\/52450699408_9dc5bffecb_o-scaled.jpg","contentUrl":"https:\/\/cursadebombers.barcelona\/wp-content\/uploads\/2023\/09\/52450699408_9dc5bffecb_o-scaled.jpg","width":2560,"height":1571},{"@type":"BreadcrumbList","@id":"https:\/\/cursadebombers.barcelona\/es\/2023\/09\/27\/aigues-de-barcelona-hidrata-de-nuevo-la-vueling-cursa-de-bombers-de-barcelona\/#breadcrumb","itemListElement":[{"@type":"ListItem","position":1,"name":"Inici","item":"https:\/\/cursadebombers.barcelona\/"},{"@type":"ListItem","position":2,"name":"Aig\u00fces de Barcelona hidrata de nuevo la Vueling Cursa de Bombers de Barcelona"}]},{"@type":"WebSite","@id":"https:\/\/cursadebombers.barcelona\/#website","url":"https:\/\/cursadebombers.barcelona\/","name":"Cursa de Bombers","description":"La Cursa dels Bombers de Barcelona.","publisher":{"@id":"https:\/\/cursadebombers.barcelona\/#organization"},"potentialAction":[{"@type":"SearchAction","target":{"@type":"EntryPoint","urlTemplate":"https:\/\/cursadebombers.barcelona\/?s={search_term_string}"},"query-input":{"@type":"PropertyValueSpecification","valueRequired":true,"valueName":"search_term_string"}}],"inLanguage":"es"},{"@type":"Organization","@id":"https:\/\/cursadebombers.barcelona\/#organization","name":"Cursa de Bombers","url":"https:\/\/cursadebombers.barcelona\/","logo":{"@type":"ImageObject","inLanguage":"es","@id":"https:\/\/cursadebombers.barcelona\/#\/schema\/logo\/image\/","url":"https:\/\/cursadebombers.barcelona\/wp-content\/uploads\/2025\/06\/logo-cursa-bombers-app.png","contentUrl":"https:\/\/cursadebombers.barcelona\/wp-content\/uploads\/2025\/06\/logo-cursa-bombers-app.png","width":512,"height":512,"caption":"Cursa de Bombers"},"image":{"@id":"https:\/\/cursadebombers.barcelona\/#\/schema\/logo\/image\/"},"sameAs":["https:\/\/www.facebook.com\/CursadeBombers\/","https:\/\/x.com\/cursadebombers","https:\/\/www.instagram.com\/cursadebombers\/"]},{"@type":"Person","@id":"https:\/\/cursadebombers.barcelona\/#\/schema\/person\/35d4ce676dd5e5d74d5c815d7644a99a","name":"Toni","url":"https:\/\/cursadebombers.barcelona\/es\/author\/toni\/"}]}},"_links":{"self":[{"href":"https:\/\/cursadebombers.barcelona\/es\/wp-json\/wp\/v2\/posts\/8668","targetHints":{"allow":["GET"]}}],"collection":[{"href":"https:\/\/cursadebombers.barcelona\/es\/wp-json\/wp\/v2\/posts"}],"about":[{"href":"https:\/\/cursadebombers.barcelona\/es\/wp-json\/wp\/v2\/types\/post"}],"author":[{"embeddable":true,"href":"https:\/\/cursadebombers.barcelona\/es\/wp-json\/wp\/v2\/users\/4"}],"replies":[{"embeddable":true,"href":"https:\/\/cursadebombers.barcelona\/es\/wp-json\/wp\/v2\/comments?post=8668"}],"version-history":[{"count":5,"href":"https:\/\/cursadebombers.barcelona\/es\/wp-json\/wp\/v2\/posts\/8668\/revisions"}],"predecessor-version":[{"id":8695,"href":"https:\/\/cursadebombers.barcelona\/es\/wp-json\/wp\/v2\/posts\/8668\/revisions\/8695"}],"wp:featuredmedia":[{"embeddable":true,"href":"https:\/\/cursadebombers.barcelona\/es\/wp-json\/wp\/v2\/media\/8669"}],"wp:attachment":[{"href":"https:\/\/cursadebombers.barcelona\/es\/wp-json\/wp\/v2\/media?parent=8668"}],"wp:term":[{"taxonomy":"category","embeddable":true,"href":"https:\/\/cursadebombers.barcelona\/es\/wp-json\/wp\/v2\/categories?post=8668"},{"taxonomy":"post_tag","embeddable":true,"href":"https:\/\/cursadebombers.barcelona\/es\/wp-json\/wp\/v2\/tags?post=8668"}],"curies":[{"name":"wp","href":"https:\/\/api.w.org\/{rel}","templated":true}]}}