{"id":8221,"date":"2023-07-19T09:27:10","date_gmt":"2023-07-19T09:27:10","guid":{"rendered":"https:\/\/cursadebombers.barcelona\/?p=8221"},"modified":"2023-07-19T09:29:54","modified_gmt":"2023-07-19T09:29:54","slug":"10-curiosidades-y-motivos-para-correr-la-vueling-cursa-de-bombers","status":"publish","type":"post","link":"https:\/\/cursadebombers.barcelona\/es\/2023\/07\/19\/10-curiosidades-y-motivos-para-correr-la-vueling-cursa-de-bombers\/","title":{"rendered":"10 curiosidades y motivos para correr la Vueling Cursa de Bombers"},"content":{"rendered":"<p>[et_pb_section fb_built=\u00bb1&#8243; _builder_version=\u00bb4.9.10&#8243; _module_preset=\u00bbdefault\u00bb][et_pb_row _builder_version=\u00bb4.9.10&#8243; _module_preset=\u00bbdefault\u00bb][et_pb_column type=\u00bb4_4&#8243; _builder_version=\u00bb4.9.10&#8243; _module_preset=\u00bbdefault\u00bb][et_pb_text _builder_version=\u00bb4.9.10&#8243; _module_preset=\u00bbdefault\u00bb]<\/p>\n<h2 style=\"text-align: center;\"><span style=\"font-weight: 400;\">La Vueling Cursa Bombers es una de las citas del running popular barcelon\u00e9s. <\/span><\/h2>\n<h2 style=\"text-align: center;\"><span style=\"font-weight: 400;\">Por eso, te traemos <strong>10 curiosidades y motivos <\/strong>&#8211; como los 10K de la carrera-<strong> para correr <\/strong>juntamente con los bomberos\/as el pr\u00f3ximo <strong>\u00a022 de octubre de 2023<\/strong>.\u00a0<\/span><\/h2>\n<h2 style=\"text-align: center;\"><strong>\u00a1No te lo pienses m\u00e1s e inscr\u00edbete ahora!\u00a0<\/strong><\/h2>\n<p>[\/et_pb_text][et_pb_button button_url=\u00bbhttps:\/\/xipgroc.cat\/ca\/curses\/Bombers2023\/10k\/inscripcio\/cursa\u00bb button_text=\u00bbInscripciones CBB\u00bb button_alignment=\u00bbcenter\u00bb _builder_version=\u00bb4.9.10&#8243; _module_preset=\u00bbdefault\u00bb][\/et_pb_button][\/et_pb_column][\/et_pb_row][et_pb_row column_structure=\u00bb1_2,1_2&#8243; _builder_version=\u00bb4.9.10&#8243; _module_preset=\u00bbdefault\u00bb][et_pb_column type=\u00bb1_2&#8243; _builder_version=\u00bb4.9.10&#8243; _module_preset=\u00bbdefault\u00bb][et_pb_text _builder_version=\u00bb4.9.10&#8243; _module_preset=\u00bbdefault\u00bb]<\/p>\n<h3><span style=\"text-decoration: underline;\"><b><i>1. Els 10K m\u00e1s r\u00e1pidos de Barcelona<\/i><\/b><\/span><\/h3>\n<h3>Los<strong> 10Km m\u00e1s r\u00e1pidos de Barcelona<\/strong> solo se pueden correr a la carrera de Bomberos. As\u00ed lo acredita su trazado plano y en bajadas y\u00a0 tambi\u00e9n, dos r\u00e9cords -masculino y femenino-<\/h3>\n<h3>La\u00a0runner\u00a0Keniata, <strong>Irene\u00a0Kwambai<\/strong>, en <strong>2005<\/strong> hizo firmar el <strong>r\u00e9cord femenino 31\u2019 25\u2019\u2019 minutos<\/strong>, el r\u00e9cord masculino tard\u00f3 5 a\u00f1os m\u00e1s al llegar, en 2010. Su compatriota <strong>Josphat Como<\/strong>, con<strong> 27\u2019 04\u2019\u2019 minutos<\/strong> certific\u00f3 la carrera como la m\u00e1s r\u00e1pida de Barcelona.<\/h3>\n<p>[\/et_pb_text][\/et_pb_column][et_pb_column type=\u00bb1_2&#8243; _builder_version=\u00bb4.9.10&#8243; _module_preset=\u00bbdefault\u00bb][et_pb_image src=\u00bbhttps:\/\/cursadebombers.barcelona\/wp-content\/uploads\/2023\/07\/52450612685_a6c2ddbcc1_o-scaled.jpg\u00bb title_text=\u00bb52450612685_a6c2ddbcc1_o\u00bb _builder_version=\u00bb4.9.10&#8243; _module_preset=\u00bbdefault\u00bb][\/et_pb_image][\/et_pb_column][\/et_pb_row][et_pb_row column_structure=\u00bb1_2,1_2&#8243; _builder_version=\u00bb4.9.10&#8243; _module_preset=\u00bbdefault\u00bb][et_pb_column type=\u00bb1_2&#8243; _builder_version=\u00bb4.9.10&#8243; _module_preset=\u00bbdefault\u00bb][et_pb_image src=\u00bbhttps:\/\/cursadebombers.barcelona\/wp-content\/uploads\/2023\/07\/52450420144_63f8aeea34_o-scaled.jpg\u00bb title_text=\u00bb52450420144_63f8aeea34_o\u00bb _builder_version=\u00bb4.9.10&#8243; _module_preset=\u00bbdefault\u00bb][\/et_pb_image][\/et_pb_column][et_pb_column type=\u00bb1_2&#8243; _builder_version=\u00bb4.9.10&#8243; _module_preset=\u00bbdefault\u00bb][et_pb_text _builder_version=\u00bb4.9.10&#8243; _module_preset=\u00bbdefault\u00bb]<\/p>\n<h3><span style=\"text-decoration: underline;\"><b><i>2. Bomberos y bomberas de Barcelona\u00a0<\/i><\/b><\/span><\/h3>\n<h3>El principal atractivo de la carrera es <strong>ver correr a los bomberos y bomberas de la ciudad<\/strong>, con toda la equipaci\u00f3n: uniforme, casco y botella de ox\u00edgeno, m\u00e1s de\u00a020Kg!\u00a0Todo un reto que, m\u00e1s de <strong>350 bomberos<\/strong>, repiten edici\u00f3n detr\u00e1s edici\u00f3n durante\u00a0els10Km\u00a0\u00e9pics.<\/h3>\n<h3>Como ya es tradici\u00f3n,<strong> los bomberos\/as de Barcelona salen los primeros<\/strong>, cinco minutos antes del pistoletazo de salida, para guiar el camino a todos los runners inscritos.<\/h3>\n<p>[\/et_pb_text][\/et_pb_column][\/et_pb_row][et_pb_row column_structure=\u00bb1_2,1_2&#8243; _builder_version=\u00bb4.9.10&#8243; _module_preset=\u00bbdefault\u00bb][et_pb_column type=\u00bb1_2&#8243; _builder_version=\u00bb4.9.10&#8243; _module_preset=\u00bbdefault\u00bb][et_pb_text _builder_version=\u00bb4.9.10&#8243; _module_preset=\u00bbdefault\u00bb]<\/p>\n<h3><span style=\"text-decoration: underline;\"><b><i>3. 12.000\u00a0<\/i><\/b><\/span><\/h3>\n<h3>Es la <strong>cifra total de runners <\/strong>en \u00a0la pasada edici\u00f3n de la Vueling Carrera Bombers Barcelona, <strong>m\u00e1s de 12.000 corredores\/se<\/strong> salieron el pasado <strong>23 de octubre de 2022<\/strong> por las calles de Barcelona, convirtiendo la Vueling Carrera de Bomberos en la carrera con m\u00e1s participantes postpandemia.<\/h3>\n<div class=\"traductor-checkbox form-group\">\n<div class=\"row\">\n<div class=\"col-sm-offset-2 col-sm-5\">\u00a0<\/div>\n<\/div>\n<\/div>\n<p>[\/et_pb_text][\/et_pb_column][et_pb_column type=\u00bb1_2&#8243; _builder_version=\u00bb4.9.10&#8243; _module_preset=\u00bbdefault\u00bb][et_pb_image src=\u00bbhttps:\/\/cursadebombers.barcelona\/wp-content\/uploads\/2023\/04\/52450510209_7692eac771_k.jpg\u00bb title_text=\u00bb52450510209_7692eac771_k\u00bb _builder_version=\u00bb4.9.10&#8243; _module_preset=\u00bbdefault\u00bb][\/et_pb_image][\/et_pb_column][\/et_pb_row][et_pb_row column_structure=\u00bb1_2,1_2&#8243; _builder_version=\u00bb4.9.10&#8243; _module_preset=\u00bbdefault\u00bb][et_pb_column type=\u00bb1_2&#8243; _builder_version=\u00bb4.9.10&#8243; _module_preset=\u00bbdefault\u00bb][et_pb_image src=\u00bbhttps:\/\/cursadebombers.barcelona\/wp-content\/uploads\/2023\/07\/52450369199_6116d41602_o-scaled.jpg\u00bb title_text=\u00bb52450369199_6116d41602_o\u00bb _builder_version=\u00bb4.9.10&#8243; _module_preset=\u00bbdefault\u00bb][\/et_pb_image][\/et_pb_column][et_pb_column type=\u00bb1_2&#8243; _builder_version=\u00bb4.9.10&#8243; _module_preset=\u00bbdefault\u00bb][et_pb_text _builder_version=\u00bb4.9.10&#8243; _module_preset=\u00bbdefault\u00bb]<\/p>\n<h3><span style=\"text-decoration: underline;\"><b><i>4. Cursa solid\u00e0ria\u00a0<\/i><\/b><\/span><\/h3>\n<h3>La <strong>Vueling Cursa de Bombers<\/strong>, tambi\u00e9n es la \u00fanica carrera con <strong>dos podios<\/strong>: el <strong>deportivo<\/strong> y el <strong>solidario<\/strong>.<\/h3>\n<h3>Desde sus inicios la Bombers ha sido<strong> vinculada a Bombers Solidaris<\/strong>, una entidad sin \u00e1nimo de lucro formada por miembros del cuerpo de Bomberos\/as de Barcelona, que fomenta varios proyectos solidarios.<\/h3>\n<h3>Los corredores\/se de la Cursa de Bombers podan, a trav\u00e9s de la plataforma migranodearena aportar dinero a alguno de los retos que impulsan miembros de los cuerpos de Bomberos.<\/h3>\n<h3>La pasada edici\u00f3n, desde la plataforma<strong> se impulsaron 11 retos solidarios<\/strong> que <strong>recaudaron m\u00e1s de 20.000\u20ac en total.<\/strong><\/h3>\n<h3>\u00a0<\/h3>\n<p>[\/et_pb_text][\/et_pb_column][\/et_pb_row][et_pb_row column_structure=\u00bb1_2,1_2&#8243; _builder_version=\u00bb4.9.10&#8243; _module_preset=\u00bbdefault\u00bb][et_pb_column type=\u00bb1_2&#8243; _builder_version=\u00bb4.9.10&#8243; _module_preset=\u00bbdefault\u00bb][et_pb_text _builder_version=\u00bb4.9.10&#8243; _module_preset=\u00bbdefault\u00bb]<\/p>\n<h3><span style=\"text-decoration: underline;\"><b><i>5. Carrera inclusiva<\/i><\/b><\/span><\/h3>\n<div class=\"traductor-textarea form-group\">\n<div class=\"textarea-desti col-xs-12 col-sm-6\">\n<div class=\"form-control second-textarea\"><span style=\"color: #333333; font-size: 22px;\">Todo el mundo puede unirse al reto de la Vueling Cursa de Bombers! Diversas asociaciones como <\/span><em style=\"color: #333333; font-size: 22px;\">\u201c<a href=\"https:\/\/www.correambmi.org\/\">Corre amb mi<\/a>\u201d<\/em><span style=\"color: #333333; font-size: 22px;\"> o \u201c<\/span><em style=\"color: #333333; font-size: 22px;\"><a href=\"https:\/\/www.instagram.com\/p\/CkDTHvaMReM\/\">Incluyendo Sonrisas<\/a>\u201d<\/em><span style=\"color: #333333; font-size: 22px;\"> no se pierden la cita y, hacen, que todos los participantes, de sus asociaciones logren el reto y disfruten de unos 10K festivos ya sea en silla de ruedas, cochecitos adaptados o con la ayuda de los bomberos, runners y miembros de la asociaci\u00f3n.<\/span><\/div>\n<div>\u00a0<\/div>\n<div class=\"form-control second-textarea\" style=\"text-align: center;\"><strong style=\"color: #333333; font-size: 22px;\">\u00a1La Bombers es para todo\/as!<\/strong><\/div>\n<\/div>\n<\/div>\n<p>[\/et_pb_text][\/et_pb_column][et_pb_column type=\u00bb1_2&#8243; _builder_version=\u00bb4.9.10&#8243; _module_preset=\u00bbdefault\u00bb][et_pb_image src=\u00bbhttps:\/\/cursadebombers.barcelona\/wp-content\/uploads\/2023\/07\/52450681113_e2bb7eb39c_o-scaled.jpg\u00bb title_text=\u00bb52450681113_e2bb7eb39c_o\u00bb _builder_version=\u00bb4.9.10&#8243; _module_preset=\u00bbdefault\u00bb][\/et_pb_image][\/et_pb_column][\/et_pb_row][et_pb_row column_structure=\u00bb1_2,1_2&#8243; _builder_version=\u00bb4.9.10&#8243; _module_preset=\u00bbdefault\u00bb][et_pb_column type=\u00bb1_2&#8243; _builder_version=\u00bb4.9.10&#8243; _module_preset=\u00bbdefault\u00bb][et_pb_image src=\u00bbhttps:\/\/cursadebombers.barcelona\/wp-content\/uploads\/2022\/10\/889-_JL18820-scaled.jpg\u00bb title_text=\u00bb889 &#8211; _JL18820&#8243; _builder_version=\u00bb4.9.10&#8243; _module_preset=\u00bbdefault\u00bb][\/et_pb_image][\/et_pb_column][et_pb_column type=\u00bb1_2&#8243; _builder_version=\u00bb4.9.10&#8243; _module_preset=\u00bbdefault\u00bb][et_pb_text _builder_version=\u00bb4.9.10&#8243; _module_preset=\u00bbdefault\u00bb]<\/p>\n<h3><span style=\"text-decoration: underline;\"><b><i>6. Girls just wanna go running\u00a0<\/i><\/b><\/span><\/h3>\n<h3><span style=\"font-weight: 400;\">Des de fa uns anys, la<strong> participaci\u00f3 femenina a les curses populars ha anat augmentant<\/strong>. <\/span><span style=\"font-weight: 400;\">A la bombers, tamb\u00e9 creix la xifra de dones runners any rere any, i la p<strong>assada edici\u00f3<\/strong> va assolir el r\u00e8cord amb un <strong>38,40%<\/strong> de <strong>participaci\u00f3 femenina.<\/strong>\u00a0<\/span><\/h3>\n<h3><span style=\"font-weight: 400;\"><strong>Meritxell Soler<\/strong>, com a abanderada de les dones runners, ha guanyat per segon any consecutiu la Vueling Cursa de Bombers i deixa el seu r\u00e8cord en <strong>33:20 minuts<\/strong>.\u00a0<\/span><\/h3>\n<h3>\u00a0<\/h3>\n<p>[\/et_pb_text][\/et_pb_column][\/et_pb_row][et_pb_row column_structure=\u00bb1_2,1_2&#8243; _builder_version=\u00bb4.9.10&#8243; _module_preset=\u00bbdefault\u00bb][et_pb_column type=\u00bb1_2&#8243; _builder_version=\u00bb4.9.10&#8243; _module_preset=\u00bbdefault\u00bb][et_pb_text _builder_version=\u00bb4.9.10&#8243; _module_preset=\u00bbdefault\u00bb]<\/p>\n<h3><span style=\"text-decoration: underline;\"><b><i>7. La festa del running\u00a0<\/i><\/b><\/span><\/h3>\n<h3><span style=\"font-weight: 400;\">La sortida de tots els corredors \u00e9s una festa, en les <strong>24 edicions<\/strong> les sortides de la cursa han sigut molt variades, algunes amenitzades per <strong>Andreu Preses<\/strong>, locutor de<strong> R\u00e0dio Flaixbac<\/strong> o el companys d&#8217;SpeakersPro, que fan que de la cursa sigui una festa total!\u00a0<\/span><\/h3>\n<h3><span style=\"font-weight: 400;\">Una de les sortides <strong>m\u00e9s recordades \u00e9s la de l&#8217;any 2019<\/strong>, on el grup de m\u00fasica catalana <strong>Doctor Prats<\/strong> va oferir un petit concert a d\u2019alt de l\u2019arc de sortida, i a ritme del seu \u00e8xit \u201cLes nits no moren mai\u201d amb la que tots els corredors de la cursa van comen\u00e7ar els 10K.\u00a0<\/span><\/h3>\n<p>[\/et_pb_text][\/et_pb_column][et_pb_column type=\u00bb1_2&#8243; _builder_version=\u00bb4.9.10&#8243; _module_preset=\u00bbdefault\u00bb][et_pb_image src=\u00bbhttps:\/\/cursadebombers.barcelona\/wp-content\/uploads\/2023\/07\/Doctor-prats.jpg\u00bb title_text=\u00bbDoctor prats\u00bb _builder_version=\u00bb4.9.10&#8243; _module_preset=\u00bbdefault\u00bb][\/et_pb_image][\/et_pb_column][\/et_pb_row][et_pb_row column_structure=\u00bb1_2,1_2&#8243; _builder_version=\u00bb4.9.10&#8243; _module_preset=\u00bbdefault\u00bb][et_pb_column type=\u00bb1_2&#8243; _builder_version=\u00bb4.9.10&#8243; _module_preset=\u00bbdefault\u00bb][et_pb_image src=\u00bbhttps:\/\/cursadebombers.barcelona\/wp-content\/uploads\/2023\/07\/52449639017_99e262138b_o-scaled.jpg\u00bb title_text=\u00bb52449639017_99e262138b_o\u00bb _builder_version=\u00bb4.9.10&#8243; _module_preset=\u00bbdefault\u00bb][\/et_pb_image][\/et_pb_column][et_pb_column type=\u00bb1_2&#8243; _builder_version=\u00bb4.9.10&#8243; _module_preset=\u00bbdefault\u00bb][et_pb_text _builder_version=\u00bb4.9.10&#8243; _module_preset=\u00bbdefault\u00bb]<\/p>\n<h3><span style=\"text-decoration: underline;\"><b><i>8. 130\u00a0<\/i><\/b><\/span><\/h3>\n<h3>El <strong>n\u00famero de voluntarios<\/strong> que participan para que la Cursa de Bombers sea un \u00e9xito, un trabajo indispensable que desde hace a\u00f1os corre a cargo de <em>Voluntaris 2000<\/em>.\u00a0<\/h3>\n<h3>Trabajando precarrera: ayudando a la recogida de dorsales a las tiendas Decathlon, coordinando el guardarropa minutos antes a la carrera, coordinando los cajones de salida porque todos los runnings puedan disfrutar de la experiencia y tambi\u00e9n los puntos de avituallamiento. Sin ellos la carrera no ser\u00eda posible.<\/h3>\n<p>[\/et_pb_text][\/et_pb_column][\/et_pb_row][et_pb_row column_structure=\u00bb1_2,1_2&#8243; _builder_version=\u00bb4.9.10&#8243; _module_preset=\u00bbdefault\u00bb][et_pb_column type=\u00bb1_2&#8243; _builder_version=\u00bb4.9.10&#8243; _module_preset=\u00bbdefault\u00bb][et_pb_text _builder_version=\u00bb4.9.10&#8243; _module_preset=\u00bbdefault\u00bb]<\/p>\n<h3><span style=\"text-decoration: underline;\"><b><i>9. Humberto Mauri 23\/23 Bombers\u00a0<\/i><\/b><\/span><\/h3>\n<h3><strong>Humberto Mauri<\/strong>, runner barcelon\u00e9s de 74 a\u00f1os ha corrido todas las Vueling Cursa de Bombers desde el 1999, la primera edici\u00f3n de la carrera. En una entrevista el a\u00f1o pasado en el Diari Ara, el runner destaca la facilidad del recorrido.\u00a0<\/h3>\n<h3>Con las estad\u00edsticas en la mano, m\u00e1s de los 35,4% de los inscritos corren por primera vez la Cursa de Bombers, muchas personas consideran que la bombers es un muy buen punto de salida para empezar a correr carreras.<\/h3>\n<p>[\/et_pb_text][\/et_pb_column][et_pb_column type=\u00bb1_2&#8243; _builder_version=\u00bb4.9.10&#8243; _module_preset=\u00bbdefault\u00bb][et_pb_image src=\u00bbhttps:\/\/cursadebombers.barcelona\/wp-content\/uploads\/2023\/07\/Humberto-Mauri.jpg\u00bb title_text=\u00bbHumberto Mauri\u00bb _builder_version=\u00bb4.9.10&#8243; _module_preset=\u00bbdefault\u00bb][\/et_pb_image][\/et_pb_column][\/et_pb_row][et_pb_row column_structure=\u00bb1_2,1_2&#8243; _builder_version=\u00bb4.9.10&#8243; _module_preset=\u00bbdefault\u00bb][et_pb_column type=\u00bb1_2&#8243; _builder_version=\u00bb4.9.10&#8243; _module_preset=\u00bbdefault\u00bb][et_pb_image src=\u00bbhttps:\/\/cursadebombers.barcelona\/wp-content\/uploads\/2022\/10\/394-AS2I0071-scaled.jpg\u00bb title_text=\u00bb394 &#8211; AS2I0071&#8243; _builder_version=\u00bb4.9.10&#8243; _module_preset=\u00bbdefault\u00bb][\/et_pb_image][\/et_pb_column][et_pb_column type=\u00bb1_2&#8243; _builder_version=\u00bb4.9.10&#8243; _module_preset=\u00bbdefault\u00bb][et_pb_text _builder_version=\u00bb4.9.10&#8243; _module_preset=\u00bbdefault\u00bb]<\/p>\n<h3><span style=\"text-decoration: underline;\"><b><i>10. 23 edicions incre\u00efbles i treballant per un 24ena inoblidable<\/i><\/b><\/span><\/h3>\n<h3>Estamos preparando la 24.\u00aa edici\u00f3n de la Vueling Cursa de Bombers, los 10k m\u00e1s r\u00e1pidos de Barcelona, una nueva camiseta y una salida inolvidable!\u00a0 Ya tenemos a punto a los Bomberos, estamos construyendo el arco de salida y tambi\u00e9n coordinando la salida con amigos de Radio Flaixbac, pero todav\u00eda quedan muchas sorpresas&#8230;<\/h3>\n<p>[\/et_pb_text][\/et_pb_column][\/et_pb_row][et_pb_row _builder_version=\u00bb4.9.10&#8243; _module_preset=\u00bbdefault\u00bb][et_pb_column type=\u00bb4_4&#8243; _builder_version=\u00bb4.9.10&#8243; _module_preset=\u00bbdefault\u00bb][et_pb_text _builder_version=\u00bb4.9.10&#8243; _module_preset=\u00bbdefault\u00bb]<\/p>\n<h2 style=\"text-align: center;\"><em><span style=\"font-weight: 400;\">Solo nos faltas tu, \u00bfte apuntas?<\/span><\/em><\/h2>\n<p style=\"text-align: center;\">[\/et_pb_text][et_pb_button button_url=\u00bbhttps:\/\/xipgroc.cat\/ca\/curses\/Bombers2023\/10k\/inscripcio\/cursa\u00bb button_text=\u00bb\u00a1Inscr\u00edbete ahora!\u00bb button_alignment=\u00bbcenter\u00bb _builder_version=\u00bb4.9.10&#8243; _module_preset=\u00bbdefault\u00bb][\/et_pb_button][\/et_pb_column][\/et_pb_row][\/et_pb_section]<\/p>\n","protected":false},"excerpt":{"rendered":"<p>La Vueling Cursa Bombers es una de las citas del running popular barcelon\u00e9s. Por eso, te traemos 10 curiosidades y motivos &#8211; como los 10K de la carrera- para correr juntamente con los bomberos\/as el pr\u00f3ximo \u00a022 de octubre de 2023.\u00a0 \u00a1No te lo pienses m\u00e1s e inscr\u00edbete ahora!\u00a01. Els 10K m\u00e1s r\u00e1pidos de Barcelona [&hellip;]<\/p>\n","protected":false},"author":4,"featured_media":8170,"comment_status":"closed","ping_status":"closed","sticky":false,"template":"","format":"standard","meta":{"_et_pb_use_builder":"on","_et_pb_old_content":"","_et_gb_content_width":"","footnotes":""},"categories":[1],"tags":[],"class_list":["post-8221","post","type-post","status-publish","format-standard","has-post-thumbnail","hentry","category-noticias"],"yoast_head":"<!-- This site is optimized with the Yoast SEO plugin v27.5 - https:\/\/yoast.com\/product\/yoast-seo-wordpress\/ -->\n<title>10 curiosidades y motivos para correr la Vueling Cursa de Bombers<\/title>\n<meta name=\"description\" content=\"Et portem 10 curiositats i motius per c\u00f3rrer la 24\u00aa Vueling Cursa de Bombers el pr\u00f2xim 22 d\u2019octubre de 2023.\" \/>\n<meta name=\"robots\" content=\"index, follow, max-snippet:-1, max-image-preview:large, max-video-preview:-1\" \/>\n<link rel=\"canonical\" href=\"https:\/\/cursadebombers.barcelona\/es\/2023\/07\/19\/10-curiosidades-y-motivos-para-correr-la-vueling-cursa-de-bombers\/\" \/>\n<meta property=\"og:locale\" content=\"es_ES\" \/>\n<meta property=\"og:type\" content=\"article\" \/>\n<meta property=\"og:title\" content=\"10 curiosidades y motivos para correr la Vueling Cursa de Bombers\" \/>\n<meta property=\"og:description\" content=\"Et portem 10 curiositats i motius per c\u00f3rrer la 24\u00aa Vueling Cursa de Bombers el pr\u00f2xim 22 d\u2019octubre de 2023.\" \/>\n<meta property=\"og:url\" content=\"https:\/\/cursadebombers.barcelona\/es\/2023\/07\/19\/10-curiosidades-y-motivos-para-correr-la-vueling-cursa-de-bombers\/\" \/>\n<meta property=\"og:site_name\" content=\"Cursa de Bombers\" \/>\n<meta property=\"article:publisher\" content=\"https:\/\/www.facebook.com\/CursadeBombers\/\" \/>\n<meta property=\"article:published_time\" content=\"2023-07-19T09:27:10+00:00\" \/>\n<meta property=\"article:modified_time\" content=\"2023-07-19T09:29:54+00:00\" \/>\n<meta property=\"og:image\" content=\"https:\/\/cursadebombers.barcelona\/wp-content\/uploads\/2023\/07\/52449625702_674b362a08_o-scaled.jpg\" \/>\n\t<meta property=\"og:image:width\" content=\"2560\" \/>\n\t<meta property=\"og:image:height\" content=\"1707\" \/>\n\t<meta property=\"og:image:type\" content=\"image\/jpeg\" \/>\n<meta name=\"author\" content=\"Toni\" \/>\n<meta name=\"twitter:card\" content=\"summary_large_image\" \/>\n<meta name=\"twitter:creator\" content=\"@cursadebombers\" \/>\n<meta name=\"twitter:site\" content=\"@cursadebombers\" \/>\n<meta name=\"twitter:label1\" content=\"Escrito por\" \/>\n\t<meta name=\"twitter:data1\" content=\"Toni\" \/>\n\t<meta name=\"twitter:label2\" content=\"Tiempo de lectura\" \/>\n\t<meta name=\"twitter:data2\" content=\"6 minutos\" \/>\n<script type=\"application\/ld+json\" class=\"yoast-schema-graph\">{\"@context\":\"https:\\\/\\\/schema.org\",\"@graph\":[{\"@type\":\"Article\",\"@id\":\"https:\\\/\\\/cursadebombers.barcelona\\\/es\\\/2023\\\/07\\\/19\\\/10-curiosidades-y-motivos-para-correr-la-vueling-cursa-de-bombers\\\/#article\",\"isPartOf\":{\"@id\":\"https:\\\/\\\/cursadebombers.barcelona\\\/es\\\/2023\\\/07\\\/19\\\/10-curiosidades-y-motivos-para-correr-la-vueling-cursa-de-bombers\\\/\"},\"author\":{\"name\":\"Toni\",\"@id\":\"https:\\\/\\\/cursadebombers.barcelona\\\/#\\\/schema\\\/person\\\/35d4ce676dd5e5d74d5c815d7644a99a\"},\"headline\":\"10 curiosidades y motivos para correr la Vueling Cursa de Bombers\",\"datePublished\":\"2023-07-19T09:27:10+00:00\",\"dateModified\":\"2023-07-19T09:29:54+00:00\",\"mainEntityOfPage\":{\"@id\":\"https:\\\/\\\/cursadebombers.barcelona\\\/es\\\/2023\\\/07\\\/19\\\/10-curiosidades-y-motivos-para-correr-la-vueling-cursa-de-bombers\\\/\"},\"wordCount\":1751,\"publisher\":{\"@id\":\"https:\\\/\\\/cursadebombers.barcelona\\\/#organization\"},\"image\":{\"@id\":\"https:\\\/\\\/cursadebombers.barcelona\\\/es\\\/2023\\\/07\\\/19\\\/10-curiosidades-y-motivos-para-correr-la-vueling-cursa-de-bombers\\\/#primaryimage\"},\"thumbnailUrl\":\"https:\\\/\\\/cursadebombers.barcelona\\\/wp-content\\\/uploads\\\/2023\\\/07\\\/52449625702_674b362a08_o-scaled.jpg\",\"articleSection\":[\"Noticias\"],\"inLanguage\":\"es\"},{\"@type\":\"WebPage\",\"@id\":\"https:\\\/\\\/cursadebombers.barcelona\\\/es\\\/2023\\\/07\\\/19\\\/10-curiosidades-y-motivos-para-correr-la-vueling-cursa-de-bombers\\\/\",\"url\":\"https:\\\/\\\/cursadebombers.barcelona\\\/es\\\/2023\\\/07\\\/19\\\/10-curiosidades-y-motivos-para-correr-la-vueling-cursa-de-bombers\\\/\",\"name\":\"10 curiosidades y motivos para correr la Vueling Cursa de Bombers\",\"isPartOf\":{\"@id\":\"https:\\\/\\\/cursadebombers.barcelona\\\/#website\"},\"primaryImageOfPage\":{\"@id\":\"https:\\\/\\\/cursadebombers.barcelona\\\/es\\\/2023\\\/07\\\/19\\\/10-curiosidades-y-motivos-para-correr-la-vueling-cursa-de-bombers\\\/#primaryimage\"},\"image\":{\"@id\":\"https:\\\/\\\/cursadebombers.barcelona\\\/es\\\/2023\\\/07\\\/19\\\/10-curiosidades-y-motivos-para-correr-la-vueling-cursa-de-bombers\\\/#primaryimage\"},\"thumbnailUrl\":\"https:\\\/\\\/cursadebombers.barcelona\\\/wp-content\\\/uploads\\\/2023\\\/07\\\/52449625702_674b362a08_o-scaled.jpg\",\"datePublished\":\"2023-07-19T09:27:10+00:00\",\"dateModified\":\"2023-07-19T09:29:54+00:00\",\"description\":\"Et portem 10 curiositats i motius per c\u00f3rrer la 24\u00aa Vueling Cursa de Bombers el pr\u00f2xim 22 d\u2019octubre de 2023.\",\"breadcrumb\":{\"@id\":\"https:\\\/\\\/cursadebombers.barcelona\\\/es\\\/2023\\\/07\\\/19\\\/10-curiosidades-y-motivos-para-correr-la-vueling-cursa-de-bombers\\\/#breadcrumb\"},\"inLanguage\":\"es\",\"potentialAction\":[{\"@type\":\"ReadAction\",\"target\":[\"https:\\\/\\\/cursadebombers.barcelona\\\/es\\\/2023\\\/07\\\/19\\\/10-curiosidades-y-motivos-para-correr-la-vueling-cursa-de-bombers\\\/\"]}]},{\"@type\":\"ImageObject\",\"inLanguage\":\"es\",\"@id\":\"https:\\\/\\\/cursadebombers.barcelona\\\/es\\\/2023\\\/07\\\/19\\\/10-curiosidades-y-motivos-para-correr-la-vueling-cursa-de-bombers\\\/#primaryimage\",\"url\":\"https:\\\/\\\/cursadebombers.barcelona\\\/wp-content\\\/uploads\\\/2023\\\/07\\\/52449625702_674b362a08_o-scaled.jpg\",\"contentUrl\":\"https:\\\/\\\/cursadebombers.barcelona\\\/wp-content\\\/uploads\\\/2023\\\/07\\\/52449625702_674b362a08_o-scaled.jpg\",\"width\":2560,\"height\":1707},{\"@type\":\"BreadcrumbList\",\"@id\":\"https:\\\/\\\/cursadebombers.barcelona\\\/es\\\/2023\\\/07\\\/19\\\/10-curiosidades-y-motivos-para-correr-la-vueling-cursa-de-bombers\\\/#breadcrumb\",\"itemListElement\":[{\"@type\":\"ListItem\",\"position\":1,\"name\":\"Inici\",\"item\":\"https:\\\/\\\/cursadebombers.barcelona\\\/\"},{\"@type\":\"ListItem\",\"position\":2,\"name\":\"10 curiosidades y motivos para correr la Vueling Cursa de Bombers\"}]},{\"@type\":\"WebSite\",\"@id\":\"https:\\\/\\\/cursadebombers.barcelona\\\/#website\",\"url\":\"https:\\\/\\\/cursadebombers.barcelona\\\/\",\"name\":\"Cursa de Bombers\",\"description\":\"La Cursa dels Bombers de Barcelona.\",\"publisher\":{\"@id\":\"https:\\\/\\\/cursadebombers.barcelona\\\/#organization\"},\"potentialAction\":[{\"@type\":\"SearchAction\",\"target\":{\"@type\":\"EntryPoint\",\"urlTemplate\":\"https:\\\/\\\/cursadebombers.barcelona\\\/?s={search_term_string}\"},\"query-input\":{\"@type\":\"PropertyValueSpecification\",\"valueRequired\":true,\"valueName\":\"search_term_string\"}}],\"inLanguage\":\"es\"},{\"@type\":\"Organization\",\"@id\":\"https:\\\/\\\/cursadebombers.barcelona\\\/#organization\",\"name\":\"Cursa de Bombers\",\"url\":\"https:\\\/\\\/cursadebombers.barcelona\\\/\",\"logo\":{\"@type\":\"ImageObject\",\"inLanguage\":\"es\",\"@id\":\"https:\\\/\\\/cursadebombers.barcelona\\\/#\\\/schema\\\/logo\\\/image\\\/\",\"url\":\"https:\\\/\\\/cursadebombers.barcelona\\\/wp-content\\\/uploads\\\/2025\\\/06\\\/logo-cursa-bombers-app.png\",\"contentUrl\":\"https:\\\/\\\/cursadebombers.barcelona\\\/wp-content\\\/uploads\\\/2025\\\/06\\\/logo-cursa-bombers-app.png\",\"width\":512,\"height\":512,\"caption\":\"Cursa de Bombers\"},\"image\":{\"@id\":\"https:\\\/\\\/cursadebombers.barcelona\\\/#\\\/schema\\\/logo\\\/image\\\/\"},\"sameAs\":[\"https:\\\/\\\/www.facebook.com\\\/CursadeBombers\\\/\",\"https:\\\/\\\/x.com\\\/cursadebombers\",\"https:\\\/\\\/www.instagram.com\\\/cursadebombers\\\/\"]},{\"@type\":\"Person\",\"@id\":\"https:\\\/\\\/cursadebombers.barcelona\\\/#\\\/schema\\\/person\\\/35d4ce676dd5e5d74d5c815d7644a99a\",\"name\":\"Toni\",\"url\":\"https:\\\/\\\/cursadebombers.barcelona\\\/es\\\/author\\\/toni\\\/\"}]}<\/script>\n<!-- \/ Yoast SEO plugin. -->","yoast_head_json":{"title":"10 curiosidades y motivos para correr la Vueling Cursa de Bombers","description":"Et portem 10 curiositats i motius per c\u00f3rrer la 24\u00aa Vueling Cursa de Bombers el pr\u00f2xim 22 d\u2019octubre de 2023.","robots":{"index":"index","follow":"follow","max-snippet":"max-snippet:-1","max-image-preview":"max-image-preview:large","max-video-preview":"max-video-preview:-1"},"canonical":"https:\/\/cursadebombers.barcelona\/es\/2023\/07\/19\/10-curiosidades-y-motivos-para-correr-la-vueling-cursa-de-bombers\/","og_locale":"es_ES","og_type":"article","og_title":"10 curiosidades y motivos para correr la Vueling Cursa de Bombers","og_description":"Et portem 10 curiositats i motius per c\u00f3rrer la 24\u00aa Vueling Cursa de Bombers el pr\u00f2xim 22 d\u2019octubre de 2023.","og_url":"https:\/\/cursadebombers.barcelona\/es\/2023\/07\/19\/10-curiosidades-y-motivos-para-correr-la-vueling-cursa-de-bombers\/","og_site_name":"Cursa de Bombers","article_publisher":"https:\/\/www.facebook.com\/CursadeBombers\/","article_published_time":"2023-07-19T09:27:10+00:00","article_modified_time":"2023-07-19T09:29:54+00:00","og_image":[{"width":2560,"height":1707,"url":"https:\/\/cursadebombers.barcelona\/wp-content\/uploads\/2023\/07\/52449625702_674b362a08_o-scaled.jpg","type":"image\/jpeg"}],"author":"Toni","twitter_card":"summary_large_image","twitter_creator":"@cursadebombers","twitter_site":"@cursadebombers","twitter_misc":{"Escrito por":"Toni","Tiempo de lectura":"6 minutos"},"schema":{"@context":"https:\/\/schema.org","@graph":[{"@type":"Article","@id":"https:\/\/cursadebombers.barcelona\/es\/2023\/07\/19\/10-curiosidades-y-motivos-para-correr-la-vueling-cursa-de-bombers\/#article","isPartOf":{"@id":"https:\/\/cursadebombers.barcelona\/es\/2023\/07\/19\/10-curiosidades-y-motivos-para-correr-la-vueling-cursa-de-bombers\/"},"author":{"name":"Toni","@id":"https:\/\/cursadebombers.barcelona\/#\/schema\/person\/35d4ce676dd5e5d74d5c815d7644a99a"},"headline":"10 curiosidades y motivos para correr la Vueling Cursa de Bombers","datePublished":"2023-07-19T09:27:10+00:00","dateModified":"2023-07-19T09:29:54+00:00","mainEntityOfPage":{"@id":"https:\/\/cursadebombers.barcelona\/es\/2023\/07\/19\/10-curiosidades-y-motivos-para-correr-la-vueling-cursa-de-bombers\/"},"wordCount":1751,"publisher":{"@id":"https:\/\/cursadebombers.barcelona\/#organization"},"image":{"@id":"https:\/\/cursadebombers.barcelona\/es\/2023\/07\/19\/10-curiosidades-y-motivos-para-correr-la-vueling-cursa-de-bombers\/#primaryimage"},"thumbnailUrl":"https:\/\/cursadebombers.barcelona\/wp-content\/uploads\/2023\/07\/52449625702_674b362a08_o-scaled.jpg","articleSection":["Noticias"],"inLanguage":"es"},{"@type":"WebPage","@id":"https:\/\/cursadebombers.barcelona\/es\/2023\/07\/19\/10-curiosidades-y-motivos-para-correr-la-vueling-cursa-de-bombers\/","url":"https:\/\/cursadebombers.barcelona\/es\/2023\/07\/19\/10-curiosidades-y-motivos-para-correr-la-vueling-cursa-de-bombers\/","name":"10 curiosidades y motivos para correr la Vueling Cursa de Bombers","isPartOf":{"@id":"https:\/\/cursadebombers.barcelona\/#website"},"primaryImageOfPage":{"@id":"https:\/\/cursadebombers.barcelona\/es\/2023\/07\/19\/10-curiosidades-y-motivos-para-correr-la-vueling-cursa-de-bombers\/#primaryimage"},"image":{"@id":"https:\/\/cursadebombers.barcelona\/es\/2023\/07\/19\/10-curiosidades-y-motivos-para-correr-la-vueling-cursa-de-bombers\/#primaryimage"},"thumbnailUrl":"https:\/\/cursadebombers.barcelona\/wp-content\/uploads\/2023\/07\/52449625702_674b362a08_o-scaled.jpg","datePublished":"2023-07-19T09:27:10+00:00","dateModified":"2023-07-19T09:29:54+00:00","description":"Et portem 10 curiositats i motius per c\u00f3rrer la 24\u00aa Vueling Cursa de Bombers el pr\u00f2xim 22 d\u2019octubre de 2023.","breadcrumb":{"@id":"https:\/\/cursadebombers.barcelona\/es\/2023\/07\/19\/10-curiosidades-y-motivos-para-correr-la-vueling-cursa-de-bombers\/#breadcrumb"},"inLanguage":"es","potentialAction":[{"@type":"ReadAction","target":["https:\/\/cursadebombers.barcelona\/es\/2023\/07\/19\/10-curiosidades-y-motivos-para-correr-la-vueling-cursa-de-bombers\/"]}]},{"@type":"ImageObject","inLanguage":"es","@id":"https:\/\/cursadebombers.barcelona\/es\/2023\/07\/19\/10-curiosidades-y-motivos-para-correr-la-vueling-cursa-de-bombers\/#primaryimage","url":"https:\/\/cursadebombers.barcelona\/wp-content\/uploads\/2023\/07\/52449625702_674b362a08_o-scaled.jpg","contentUrl":"https:\/\/cursadebombers.barcelona\/wp-content\/uploads\/2023\/07\/52449625702_674b362a08_o-scaled.jpg","width":2560,"height":1707},{"@type":"BreadcrumbList","@id":"https:\/\/cursadebombers.barcelona\/es\/2023\/07\/19\/10-curiosidades-y-motivos-para-correr-la-vueling-cursa-de-bombers\/#breadcrumb","itemListElement":[{"@type":"ListItem","position":1,"name":"Inici","item":"https:\/\/cursadebombers.barcelona\/"},{"@type":"ListItem","position":2,"name":"10 curiosidades y motivos para correr la Vueling Cursa de Bombers"}]},{"@type":"WebSite","@id":"https:\/\/cursadebombers.barcelona\/#website","url":"https:\/\/cursadebombers.barcelona\/","name":"Cursa de Bombers","description":"La Cursa dels Bombers de Barcelona.","publisher":{"@id":"https:\/\/cursadebombers.barcelona\/#organization"},"potentialAction":[{"@type":"SearchAction","target":{"@type":"EntryPoint","urlTemplate":"https:\/\/cursadebombers.barcelona\/?s={search_term_string}"},"query-input":{"@type":"PropertyValueSpecification","valueRequired":true,"valueName":"search_term_string"}}],"inLanguage":"es"},{"@type":"Organization","@id":"https:\/\/cursadebombers.barcelona\/#organization","name":"Cursa de Bombers","url":"https:\/\/cursadebombers.barcelona\/","logo":{"@type":"ImageObject","inLanguage":"es","@id":"https:\/\/cursadebombers.barcelona\/#\/schema\/logo\/image\/","url":"https:\/\/cursadebombers.barcelona\/wp-content\/uploads\/2025\/06\/logo-cursa-bombers-app.png","contentUrl":"https:\/\/cursadebombers.barcelona\/wp-content\/uploads\/2025\/06\/logo-cursa-bombers-app.png","width":512,"height":512,"caption":"Cursa de Bombers"},"image":{"@id":"https:\/\/cursadebombers.barcelona\/#\/schema\/logo\/image\/"},"sameAs":["https:\/\/www.facebook.com\/CursadeBombers\/","https:\/\/x.com\/cursadebombers","https:\/\/www.instagram.com\/cursadebombers\/"]},{"@type":"Person","@id":"https:\/\/cursadebombers.barcelona\/#\/schema\/person\/35d4ce676dd5e5d74d5c815d7644a99a","name":"Toni","url":"https:\/\/cursadebombers.barcelona\/es\/author\/toni\/"}]}},"_links":{"self":[{"href":"https:\/\/cursadebombers.barcelona\/es\/wp-json\/wp\/v2\/posts\/8221","targetHints":{"allow":["GET"]}}],"collection":[{"href":"https:\/\/cursadebombers.barcelona\/es\/wp-json\/wp\/v2\/posts"}],"about":[{"href":"https:\/\/cursadebombers.barcelona\/es\/wp-json\/wp\/v2\/types\/post"}],"author":[{"embeddable":true,"href":"https:\/\/cursadebombers.barcelona\/es\/wp-json\/wp\/v2\/users\/4"}],"replies":[{"embeddable":true,"href":"https:\/\/cursadebombers.barcelona\/es\/wp-json\/wp\/v2\/comments?post=8221"}],"version-history":[{"count":5,"href":"https:\/\/cursadebombers.barcelona\/es\/wp-json\/wp\/v2\/posts\/8221\/revisions"}],"predecessor-version":[{"id":8234,"href":"https:\/\/cursadebombers.barcelona\/es\/wp-json\/wp\/v2\/posts\/8221\/revisions\/8234"}],"wp:featuredmedia":[{"embeddable":true,"href":"https:\/\/cursadebombers.barcelona\/es\/wp-json\/wp\/v2\/media\/8170"}],"wp:attachment":[{"href":"https:\/\/cursadebombers.barcelona\/es\/wp-json\/wp\/v2\/media?parent=8221"}],"wp:term":[{"taxonomy":"category","embeddable":true,"href":"https:\/\/cursadebombers.barcelona\/es\/wp-json\/wp\/v2\/categories?post=8221"},{"taxonomy":"post_tag","embeddable":true,"href":"https:\/\/cursadebombers.barcelona\/es\/wp-json\/wp\/v2\/tags?post=8221"}],"curies":[{"name":"wp","href":"https:\/\/api.w.org\/{rel}","templated":true}]}}