{"id":4740,"date":"2021-08-31T15:16:39","date_gmt":"2021-08-31T15:16:39","guid":{"rendered":"https:\/\/cursadebombers.barcelona\/2021\/08\/31\/decathlon-kalenji-se-incorpora-a-la-vueling-cursa-bombers-barcelona-como-patrocinador-tecnico-oficial\/"},"modified":"2021-09-02T09:05:30","modified_gmt":"2021-09-02T09:05:30","slug":"decathlon-kalenji-se-incorpora-a-la-vueling-cursa-bombers-barcelona-como-patrocinador-tecnico-oficial","status":"publish","type":"post","link":"https:\/\/cursadebombers.barcelona\/es\/2021\/08\/31\/decathlon-kalenji-se-incorpora-a-la-vueling-cursa-bombers-barcelona-como-patrocinador-tecnico-oficial\/","title":{"rendered":"Decathlon-Kalenji se incorpora a la Vueling Cursa Bombers Barcelona como Patrocinador T\u00e9cnico Oficial"},"content":{"rendered":"<ul>\n<li style=\"text-align: justify;\"><b>Decathlon ser\u00e1 el encargado de entregar las camisetas oficiales del evento a todos los participantes.<\/b><\/li>\n<li style=\"text-align: justify;\"><b>La Feria del Corredor tendr\u00e1 lugar en seis puntos de venta Decathlon de la ciudad ofreciendo m\u00e1s opciones a los inscritos para la recogida de dorsales.\u00a0<\/b><\/li>\n<\/ul>\n<p style=\"text-align: justify;\"><b>Barcelona, 2 septiembre 2021<\/b><\/p>\n<p style=\"text-align: justify;\"><span style=\"font-weight: 400;\">La Vueling Cursa de Bombers vuelve a la ciudad tras su cancelaci\u00f3n en 2020 por la situaci\u00f3n derivada del Covid-19\u00a0 y se celebrar\u00e1 el pr\u00f3ximo 24 de octubre en Barcelona con Decathlon como nuevo patrocinador t\u00e9cnico oficial a trav\u00e9s de su marca Kalenji. La compa\u00f1\u00eda francesa deportiva ser\u00e1 la encargada de aportar la camiseta oficial del evento para todos los participantes bajo el lema <\/span><b>&#8216;Volvemos para correr 10KM&#8217;<\/b><span style=\"font-weight: 400;\">.<\/span><\/p>\n<p style=\"text-align: justify;\"><span style=\"font-weight: 400;\">Junto a la camiseta, los corredores\/as recibir\u00e1n un Gymsack dise\u00f1ado por Decathlon especialmente para esta edici\u00f3n. La marca deportiva equipar\u00e1 tambi\u00e9n a todo el staff as\u00ed como a los voluntarios del evento, en este acuerdo sellado para los pr\u00f3ximos tres a\u00f1os.\u00a0<\/span><\/p>\n<p style=\"text-align: justify;\"><span style=\"font-weight: 400;\">Una de las principales novedades de esta edici\u00f3n 2021 son los puntos de recogida de dorsales por parte de los participantes. Con la voluntad de contribuir a ofrecer un evento m\u00e1s sostenible y adaptado a las circunstancias actuales, <\/span><span style=\"font-weight: 400;\">el Ayuntamiento de Barcelona y SevenMila (direcci\u00f3n ejecutiva de la carrera) y Decathlon, han reemplazado la tradicional Feria del Corredor por seis puntos repartidos en tiendas de toda la ciudad e<\/span><span style=\"font-weight: 400;\">n las que los inscritos podr\u00e1n recoger el dorsal y el material deportivo de Kalenji, los d\u00edas previos a la carrera. Un nuevo modelo de Feria del Corredor m\u00e1s c\u00f3modo para todos los participantes repartido entre seis tiendas situadas en Ciutat Vella, Illa Diagonal, La Maquinista, Badalona, Terrassa y Sant Boi.<\/span><\/p>\n<p style=\"text-align: justify;\"><span style=\"font-weight: 400;\">\u201cQueremos agradecer el apoyo de Decathlon Espa\u00f1a y especialmente del equipo de Running local, tiendas de Barcelona y \u00c1rea Metropolitana, en momentos complicados como los que hemos sufrido y en base al contexto actual. Nos sentimos muy orgullosos de esta nueva alianza y de la confianza depositada en nuestro proyecto, donde hemos visto la oportunidad de acercar Decathlon-Kalenji a un corredor\/a muy af\u00edn a la marca, en el marco de un evento de running con mucha personalidad y tradici\u00f3n como es la <\/span><i><span style=\"font-weight: 400;\">Cursa dels Bombers<\/span><\/i><span style=\"font-weight: 400;\">, un referente en carreras de 10K en la ciudad de Barcelona y a nivel nacional\u201d, se\u00f1ala Joll Chamorro, Director Ejecutivo de la Vueling Cursa Bombers Barcelona y Partnerships Manager en SevenMila.\u00a0<\/span><\/p>\n<p style=\"text-align: justify;\"><span style=\"font-weight: 400;\">\u201cEn un contexto como el actual, en el que el deporte ha pasado a desempe\u00f1ar un papel a\u00fan m\u00e1s fundamental en el d\u00eda a d\u00eda de las personas, que nos ha ayudado a cuidar nuestro bienestar f\u00edsico y mental, para nosotros es un orgullo formar parte de uno de los eventos de running de referencia en la ciudad. Y, de este modo, contribuimos a acercar los beneficios del deporte a todos los amantes del running. Adem\u00e1s, gracias a las novedades en la organizaci\u00f3n, en esta edici\u00f3n ponemos a disposici\u00f3n de los participantes nuestras principales tiendas en la localidad, evitando desplazamientos innecesarios. Desde Decathlon Barcelona ya hemos comenzado la cuenta atr\u00e1s con la ilusi\u00f3n por volver a cruzar una meta\u201d afirma Biel Guirao, experto de running en Decathlon Barcelona.<\/span><\/p>\n<p style=\"text-align: justify;\"><span style=\"font-weight: 400;\">La Vueling Cursa de Bombers empieza mucho antes del 24 de Octubre porque los futuros corredores pueden empezar ya a prepararse f\u00edsicamente para la prueba bajo un Plan de Entrenamientos patrocinado por Decathlon,\u00a0 ideado conjuntamente con la organizaci\u00f3n del evento. La compa\u00f1\u00eda deportiva francesa se encargar\u00e1 tambi\u00e9n de marcar el ritmo de carrera aportando y equipando las liebres durante la Vueling Cursa Bombers Barcelona 2021.\u00a0<\/span><\/p>\n<p style=\"text-align: justify;\"><b>Sobre Decathlon<\/b><\/p>\n<p style=\"text-align: justify;\"><span style=\"font-weight: 400;\">Decathlon es una compa\u00f1\u00eda dedicada a la creaci\u00f3n y distribuci\u00f3n omnicanal de material deportivo y, actualmente, est\u00e1 presente en 60 pa\u00edses, en m\u00e1s de 850 ciudades, y cuenta con 1.650 tiendas y un equipo de 97.000 colaboradores por todo el mundo.<\/span><\/p>\n<p style=\"text-align: justify;\"><span style=\"font-weight: 400;\">Decathlon Espa\u00f1a abre su primer establecimiento en 1992 y, en la actualidad, cuenta con m\u00e1s de 11.000 colaboradores y m\u00e1s de 170 tiendas. La red log\u00edstica la conforman 5 centros log\u00edsticos regionales y 2 centros continentales.<\/span><\/p>\n<p style=\"text-align: justify;\"><span style=\"font-weight: 400;\">El objetivo principal de la compa\u00f1\u00eda es ser \u00fatil a las personas y al planeta; y su misi\u00f3n, hacer accesible, de manera sostenible, el placer y los beneficios de la pr\u00e1ctica del deporte al mayor n\u00famero de personas. La sostenibilidad es un elemento clave en su modelo de negocio, desde el ecodise\u00f1o de sus productos, presente en las fases de dise\u00f1o, concepci\u00f3n y producci\u00f3n; en sus tiendas mediante el uso de energ\u00eda procedente de fuentes 100% renovables y la eliminaci\u00f3n de todas las bolsas de pl\u00e1stico; hasta en su cadena de suministro, donde la compa\u00f1\u00eda es miembro del Supplier Engagement Leaderboard por la organizaci\u00f3n sin \u00e1nimo de lucro Carbon Disclosure Project (CDP).\u00a0\u00a0<\/span><\/p>\n<p style=\"text-align: justify;\"><span style=\"font-weight: 400;\">Accesibilidad mediante sus marcas propias y su \u00e1rea de I + D en la que ingenieros y apasionados deportistas trabajan en la concepci\u00f3n, dise\u00f1o y producci\u00f3n de sus propios productos, de m\u00e1s de 150 disciplinas deportivas, con el fin de ofrecer a sus clientes una oferta innovadora, sostenible y con una excelente relaci\u00f3n tecnicidad-precio. Mayor accesibilidad gracias tambi\u00e9n a su red log\u00edstica, a sus servicios y a sus equipos de apasionados deportistas al servicio de sus clientes.<\/span><\/p>\n<p style=\"text-align: justify;\"><span style=\"font-weight: 400;\">\u00a1INSCRIPCIONES ABIERTAS! Ap\u00fantate <a href=\"https:\/\/bit.ly\/3ywBqez\">aqu\u00ed<\/a><\/span><\/p>\n","protected":false},"excerpt":{"rendered":"<p>Decathlon ser\u00e1 el encargado de entregar las camisetas oficiales del evento a todos los participantes. La Feria del Corredor tendr\u00e1 lugar en seis puntos de venta Decathlon de la ciudad ofreciendo m\u00e1s opciones a los inscritos para la recogida de dorsales.\u00a0 Barcelona, 2 septiembre 2021 La Vueling Cursa de Bombers vuelve a la ciudad tras [&hellip;]<\/p>\n","protected":false},"author":4,"featured_media":4753,"comment_status":"closed","ping_status":"closed","sticky":false,"template":"","format":"standard","meta":{"_et_pb_use_builder":"","_et_pb_old_content":"","_et_gb_content_width":"","footnotes":""},"categories":[1],"tags":[],"class_list":["post-4740","post","type-post","status-publish","format-standard","has-post-thumbnail","hentry","category-noticias"],"yoast_head":"<!-- This site is optimized with the Yoast SEO plugin v27.2 - https:\/\/yoast.com\/product\/yoast-seo-wordpress\/ -->\n<title>Decathlon-Kalenji se incorpora a la Vueling Cursa Bombers Barcelona como Patrocinador T\u00e9cnico Oficial<\/title>\n<meta name=\"description\" content=\"La Vueling Cursa de Bombers vuelve a la ciudad tras su cancelaci\u00f3n en 2020 por la situaci\u00f3n derivada del Cov\" \/>\n<meta name=\"robots\" content=\"index, follow, max-snippet:-1, max-image-preview:large, max-video-preview:-1\" \/>\n<link rel=\"canonical\" href=\"https:\/\/cursadebombers.barcelona\/es\/2021\/08\/31\/decathlon-kalenji-se-incorpora-a-la-vueling-cursa-bombers-barcelona-como-patrocinador-tecnico-oficial\/\" \/>\n<meta property=\"og:locale\" content=\"es_ES\" \/>\n<meta property=\"og:type\" content=\"article\" \/>\n<meta property=\"og:title\" content=\"Decathlon-Kalenji se incorpora a la Vueling Cursa Bombers Barcelona como Patrocinador T\u00e9cnico Oficial\" \/>\n<meta property=\"og:description\" content=\"La Vueling Cursa de Bombers vuelve a la ciudad tras su cancelaci\u00f3n en 2020 por la situaci\u00f3n derivada del Cov\" \/>\n<meta property=\"og:url\" content=\"https:\/\/cursadebombers.barcelona\/es\/2021\/08\/31\/decathlon-kalenji-se-incorpora-a-la-vueling-cursa-bombers-barcelona-como-patrocinador-tecnico-oficial\/\" \/>\n<meta property=\"og:site_name\" content=\"Cursa de Bombers\" \/>\n<meta property=\"article:publisher\" content=\"https:\/\/www.facebook.com\/CursadeBombers\/\" \/>\n<meta property=\"article:published_time\" content=\"2021-08-31T15:16:39+00:00\" \/>\n<meta property=\"article:modified_time\" content=\"2021-09-02T09:05:30+00:00\" \/>\n<meta property=\"og:image\" content=\"https:\/\/cursadebombers.barcelona\/wp-content\/uploads\/2021\/08\/FOTO-ndp-anuncio-decathlon.jpg\" \/>\n\t<meta property=\"og:image:width\" content=\"2560\" \/>\n\t<meta property=\"og:image:height\" content=\"1920\" \/>\n\t<meta property=\"og:image:type\" content=\"image\/jpeg\" \/>\n<meta name=\"author\" content=\"Toni\" \/>\n<meta name=\"twitter:card\" content=\"summary_large_image\" \/>\n<meta name=\"twitter:creator\" content=\"@cursadebombers\" \/>\n<meta name=\"twitter:site\" content=\"@cursadebombers\" \/>\n<meta name=\"twitter:label1\" content=\"Escrito por\" \/>\n\t<meta name=\"twitter:data1\" content=\"Toni\" \/>\n\t<meta name=\"twitter:label2\" content=\"Tiempo de lectura\" \/>\n\t<meta name=\"twitter:data2\" content=\"5 minutos\" \/>\n<script type=\"application\/ld+json\" class=\"yoast-schema-graph\">{\"@context\":\"https:\/\/schema.org\",\"@graph\":[{\"@type\":\"Article\",\"@id\":\"https:\/\/cursadebombers.barcelona\/es\/2021\/08\/31\/decathlon-kalenji-se-incorpora-a-la-vueling-cursa-bombers-barcelona-como-patrocinador-tecnico-oficial\/#article\",\"isPartOf\":{\"@id\":\"https:\/\/cursadebombers.barcelona\/es\/2021\/08\/31\/decathlon-kalenji-se-incorpora-a-la-vueling-cursa-bombers-barcelona-como-patrocinador-tecnico-oficial\/\"},\"author\":{\"name\":\"Toni\",\"@id\":\"https:\/\/cursadebombers.barcelona\/#\/schema\/person\/35d4ce676dd5e5d74d5c815d7644a99a\"},\"headline\":\"Decathlon-Kalenji se incorpora a la Vueling Cursa Bombers Barcelona como Patrocinador T\u00e9cnico Oficial\",\"datePublished\":\"2021-08-31T15:16:39+00:00\",\"dateModified\":\"2021-09-02T09:05:30+00:00\",\"mainEntityOfPage\":{\"@id\":\"https:\/\/cursadebombers.barcelona\/es\/2021\/08\/31\/decathlon-kalenji-se-incorpora-a-la-vueling-cursa-bombers-barcelona-como-patrocinador-tecnico-oficial\/\"},\"wordCount\":923,\"publisher\":{\"@id\":\"https:\/\/cursadebombers.barcelona\/#organization\"},\"image\":{\"@id\":\"https:\/\/cursadebombers.barcelona\/es\/2021\/08\/31\/decathlon-kalenji-se-incorpora-a-la-vueling-cursa-bombers-barcelona-como-patrocinador-tecnico-oficial\/#primaryimage\"},\"thumbnailUrl\":\"https:\/\/cursadebombers.barcelona\/wp-content\/uploads\/2021\/08\/FOTO-ndp-anuncio-decathlon.jpg\",\"articleSection\":[\"Noticias\"],\"inLanguage\":\"es\"},{\"@type\":\"WebPage\",\"@id\":\"https:\/\/cursadebombers.barcelona\/es\/2021\/08\/31\/decathlon-kalenji-se-incorpora-a-la-vueling-cursa-bombers-barcelona-como-patrocinador-tecnico-oficial\/\",\"url\":\"https:\/\/cursadebombers.barcelona\/es\/2021\/08\/31\/decathlon-kalenji-se-incorpora-a-la-vueling-cursa-bombers-barcelona-como-patrocinador-tecnico-oficial\/\",\"name\":\"Decathlon-Kalenji se incorpora a la Vueling Cursa Bombers Barcelona como Patrocinador T\u00e9cnico Oficial\",\"isPartOf\":{\"@id\":\"https:\/\/cursadebombers.barcelona\/#website\"},\"primaryImageOfPage\":{\"@id\":\"https:\/\/cursadebombers.barcelona\/es\/2021\/08\/31\/decathlon-kalenji-se-incorpora-a-la-vueling-cursa-bombers-barcelona-como-patrocinador-tecnico-oficial\/#primaryimage\"},\"image\":{\"@id\":\"https:\/\/cursadebombers.barcelona\/es\/2021\/08\/31\/decathlon-kalenji-se-incorpora-a-la-vueling-cursa-bombers-barcelona-como-patrocinador-tecnico-oficial\/#primaryimage\"},\"thumbnailUrl\":\"https:\/\/cursadebombers.barcelona\/wp-content\/uploads\/2021\/08\/FOTO-ndp-anuncio-decathlon.jpg\",\"datePublished\":\"2021-08-31T15:16:39+00:00\",\"dateModified\":\"2021-09-02T09:05:30+00:00\",\"description\":\"La Vueling Cursa de Bombers vuelve a la ciudad tras su cancelaci\u00f3n en 2020 por la situaci\u00f3n derivada del Cov\",\"breadcrumb\":{\"@id\":\"https:\/\/cursadebombers.barcelona\/es\/2021\/08\/31\/decathlon-kalenji-se-incorpora-a-la-vueling-cursa-bombers-barcelona-como-patrocinador-tecnico-oficial\/#breadcrumb\"},\"inLanguage\":\"es\",\"potentialAction\":[{\"@type\":\"ReadAction\",\"target\":[\"https:\/\/cursadebombers.barcelona\/es\/2021\/08\/31\/decathlon-kalenji-se-incorpora-a-la-vueling-cursa-bombers-barcelona-como-patrocinador-tecnico-oficial\/\"]}]},{\"@type\":\"ImageObject\",\"inLanguage\":\"es\",\"@id\":\"https:\/\/cursadebombers.barcelona\/es\/2021\/08\/31\/decathlon-kalenji-se-incorpora-a-la-vueling-cursa-bombers-barcelona-como-patrocinador-tecnico-oficial\/#primaryimage\",\"url\":\"https:\/\/cursadebombers.barcelona\/wp-content\/uploads\/2021\/08\/FOTO-ndp-anuncio-decathlon.jpg\",\"contentUrl\":\"https:\/\/cursadebombers.barcelona\/wp-content\/uploads\/2021\/08\/FOTO-ndp-anuncio-decathlon.jpg\",\"width\":2560,\"height\":1920},{\"@type\":\"BreadcrumbList\",\"@id\":\"https:\/\/cursadebombers.barcelona\/es\/2021\/08\/31\/decathlon-kalenji-se-incorpora-a-la-vueling-cursa-bombers-barcelona-como-patrocinador-tecnico-oficial\/#breadcrumb\",\"itemListElement\":[{\"@type\":\"ListItem\",\"position\":1,\"name\":\"Inici\",\"item\":\"https:\/\/cursadebombers.barcelona\/\"},{\"@type\":\"ListItem\",\"position\":2,\"name\":\"Decathlon-Kalenji se incorpora a la Vueling Cursa Bombers Barcelona como Patrocinador T\u00e9cnico Oficial\"}]},{\"@type\":\"WebSite\",\"@id\":\"https:\/\/cursadebombers.barcelona\/#website\",\"url\":\"https:\/\/cursadebombers.barcelona\/\",\"name\":\"Cursa de Bombers\",\"description\":\"La Cursa dels Bombers de Barcelona.\",\"publisher\":{\"@id\":\"https:\/\/cursadebombers.barcelona\/#organization\"},\"potentialAction\":[{\"@type\":\"SearchAction\",\"target\":{\"@type\":\"EntryPoint\",\"urlTemplate\":\"https:\/\/cursadebombers.barcelona\/?s={search_term_string}\"},\"query-input\":{\"@type\":\"PropertyValueSpecification\",\"valueRequired\":true,\"valueName\":\"search_term_string\"}}],\"inLanguage\":\"es\"},{\"@type\":\"Organization\",\"@id\":\"https:\/\/cursadebombers.barcelona\/#organization\",\"name\":\"Cursa de Bombers\",\"url\":\"https:\/\/cursadebombers.barcelona\/\",\"logo\":{\"@type\":\"ImageObject\",\"inLanguage\":\"es\",\"@id\":\"https:\/\/cursadebombers.barcelona\/#\/schema\/logo\/image\/\",\"url\":\"https:\/\/cursadebombers.barcelona\/wp-content\/uploads\/2025\/06\/logo-cursa-bombers-app.png\",\"contentUrl\":\"https:\/\/cursadebombers.barcelona\/wp-content\/uploads\/2025\/06\/logo-cursa-bombers-app.png\",\"width\":512,\"height\":512,\"caption\":\"Cursa de Bombers\"},\"image\":{\"@id\":\"https:\/\/cursadebombers.barcelona\/#\/schema\/logo\/image\/\"},\"sameAs\":[\"https:\/\/www.facebook.com\/CursadeBombers\/\",\"https:\/\/x.com\/cursadebombers\",\"https:\/\/www.instagram.com\/cursadebombers\/\"]},{\"@type\":\"Person\",\"@id\":\"https:\/\/cursadebombers.barcelona\/#\/schema\/person\/35d4ce676dd5e5d74d5c815d7644a99a\",\"name\":\"Toni\",\"url\":\"https:\/\/cursadebombers.barcelona\/es\/author\/toni\/\"}]}<\/script>\n<!-- \/ Yoast SEO plugin. -->","yoast_head_json":{"title":"Decathlon-Kalenji se incorpora a la Vueling Cursa Bombers Barcelona como Patrocinador T\u00e9cnico Oficial","description":"La Vueling Cursa de Bombers vuelve a la ciudad tras su cancelaci\u00f3n en 2020 por la situaci\u00f3n derivada del Cov","robots":{"index":"index","follow":"follow","max-snippet":"max-snippet:-1","max-image-preview":"max-image-preview:large","max-video-preview":"max-video-preview:-1"},"canonical":"https:\/\/cursadebombers.barcelona\/es\/2021\/08\/31\/decathlon-kalenji-se-incorpora-a-la-vueling-cursa-bombers-barcelona-como-patrocinador-tecnico-oficial\/","og_locale":"es_ES","og_type":"article","og_title":"Decathlon-Kalenji se incorpora a la Vueling Cursa Bombers Barcelona como Patrocinador T\u00e9cnico Oficial","og_description":"La Vueling Cursa de Bombers vuelve a la ciudad tras su cancelaci\u00f3n en 2020 por la situaci\u00f3n derivada del Cov","og_url":"https:\/\/cursadebombers.barcelona\/es\/2021\/08\/31\/decathlon-kalenji-se-incorpora-a-la-vueling-cursa-bombers-barcelona-como-patrocinador-tecnico-oficial\/","og_site_name":"Cursa de Bombers","article_publisher":"https:\/\/www.facebook.com\/CursadeBombers\/","article_published_time":"2021-08-31T15:16:39+00:00","article_modified_time":"2021-09-02T09:05:30+00:00","og_image":[{"width":2560,"height":1920,"url":"https:\/\/cursadebombers.barcelona\/wp-content\/uploads\/2021\/08\/FOTO-ndp-anuncio-decathlon.jpg","type":"image\/jpeg"}],"author":"Toni","twitter_card":"summary_large_image","twitter_creator":"@cursadebombers","twitter_site":"@cursadebombers","twitter_misc":{"Escrito por":"Toni","Tiempo de lectura":"5 minutos"},"schema":{"@context":"https:\/\/schema.org","@graph":[{"@type":"Article","@id":"https:\/\/cursadebombers.barcelona\/es\/2021\/08\/31\/decathlon-kalenji-se-incorpora-a-la-vueling-cursa-bombers-barcelona-como-patrocinador-tecnico-oficial\/#article","isPartOf":{"@id":"https:\/\/cursadebombers.barcelona\/es\/2021\/08\/31\/decathlon-kalenji-se-incorpora-a-la-vueling-cursa-bombers-barcelona-como-patrocinador-tecnico-oficial\/"},"author":{"name":"Toni","@id":"https:\/\/cursadebombers.barcelona\/#\/schema\/person\/35d4ce676dd5e5d74d5c815d7644a99a"},"headline":"Decathlon-Kalenji se incorpora a la Vueling Cursa Bombers Barcelona como Patrocinador T\u00e9cnico Oficial","datePublished":"2021-08-31T15:16:39+00:00","dateModified":"2021-09-02T09:05:30+00:00","mainEntityOfPage":{"@id":"https:\/\/cursadebombers.barcelona\/es\/2021\/08\/31\/decathlon-kalenji-se-incorpora-a-la-vueling-cursa-bombers-barcelona-como-patrocinador-tecnico-oficial\/"},"wordCount":923,"publisher":{"@id":"https:\/\/cursadebombers.barcelona\/#organization"},"image":{"@id":"https:\/\/cursadebombers.barcelona\/es\/2021\/08\/31\/decathlon-kalenji-se-incorpora-a-la-vueling-cursa-bombers-barcelona-como-patrocinador-tecnico-oficial\/#primaryimage"},"thumbnailUrl":"https:\/\/cursadebombers.barcelona\/wp-content\/uploads\/2021\/08\/FOTO-ndp-anuncio-decathlon.jpg","articleSection":["Noticias"],"inLanguage":"es"},{"@type":"WebPage","@id":"https:\/\/cursadebombers.barcelona\/es\/2021\/08\/31\/decathlon-kalenji-se-incorpora-a-la-vueling-cursa-bombers-barcelona-como-patrocinador-tecnico-oficial\/","url":"https:\/\/cursadebombers.barcelona\/es\/2021\/08\/31\/decathlon-kalenji-se-incorpora-a-la-vueling-cursa-bombers-barcelona-como-patrocinador-tecnico-oficial\/","name":"Decathlon-Kalenji se incorpora a la Vueling Cursa Bombers Barcelona como Patrocinador T\u00e9cnico Oficial","isPartOf":{"@id":"https:\/\/cursadebombers.barcelona\/#website"},"primaryImageOfPage":{"@id":"https:\/\/cursadebombers.barcelona\/es\/2021\/08\/31\/decathlon-kalenji-se-incorpora-a-la-vueling-cursa-bombers-barcelona-como-patrocinador-tecnico-oficial\/#primaryimage"},"image":{"@id":"https:\/\/cursadebombers.barcelona\/es\/2021\/08\/31\/decathlon-kalenji-se-incorpora-a-la-vueling-cursa-bombers-barcelona-como-patrocinador-tecnico-oficial\/#primaryimage"},"thumbnailUrl":"https:\/\/cursadebombers.barcelona\/wp-content\/uploads\/2021\/08\/FOTO-ndp-anuncio-decathlon.jpg","datePublished":"2021-08-31T15:16:39+00:00","dateModified":"2021-09-02T09:05:30+00:00","description":"La Vueling Cursa de Bombers vuelve a la ciudad tras su cancelaci\u00f3n en 2020 por la situaci\u00f3n derivada del Cov","breadcrumb":{"@id":"https:\/\/cursadebombers.barcelona\/es\/2021\/08\/31\/decathlon-kalenji-se-incorpora-a-la-vueling-cursa-bombers-barcelona-como-patrocinador-tecnico-oficial\/#breadcrumb"},"inLanguage":"es","potentialAction":[{"@type":"ReadAction","target":["https:\/\/cursadebombers.barcelona\/es\/2021\/08\/31\/decathlon-kalenji-se-incorpora-a-la-vueling-cursa-bombers-barcelona-como-patrocinador-tecnico-oficial\/"]}]},{"@type":"ImageObject","inLanguage":"es","@id":"https:\/\/cursadebombers.barcelona\/es\/2021\/08\/31\/decathlon-kalenji-se-incorpora-a-la-vueling-cursa-bombers-barcelona-como-patrocinador-tecnico-oficial\/#primaryimage","url":"https:\/\/cursadebombers.barcelona\/wp-content\/uploads\/2021\/08\/FOTO-ndp-anuncio-decathlon.jpg","contentUrl":"https:\/\/cursadebombers.barcelona\/wp-content\/uploads\/2021\/08\/FOTO-ndp-anuncio-decathlon.jpg","width":2560,"height":1920},{"@type":"BreadcrumbList","@id":"https:\/\/cursadebombers.barcelona\/es\/2021\/08\/31\/decathlon-kalenji-se-incorpora-a-la-vueling-cursa-bombers-barcelona-como-patrocinador-tecnico-oficial\/#breadcrumb","itemListElement":[{"@type":"ListItem","position":1,"name":"Inici","item":"https:\/\/cursadebombers.barcelona\/"},{"@type":"ListItem","position":2,"name":"Decathlon-Kalenji se incorpora a la Vueling Cursa Bombers Barcelona como Patrocinador T\u00e9cnico Oficial"}]},{"@type":"WebSite","@id":"https:\/\/cursadebombers.barcelona\/#website","url":"https:\/\/cursadebombers.barcelona\/","name":"Cursa de Bombers","description":"La Cursa dels Bombers de Barcelona.","publisher":{"@id":"https:\/\/cursadebombers.barcelona\/#organization"},"potentialAction":[{"@type":"SearchAction","target":{"@type":"EntryPoint","urlTemplate":"https:\/\/cursadebombers.barcelona\/?s={search_term_string}"},"query-input":{"@type":"PropertyValueSpecification","valueRequired":true,"valueName":"search_term_string"}}],"inLanguage":"es"},{"@type":"Organization","@id":"https:\/\/cursadebombers.barcelona\/#organization","name":"Cursa de Bombers","url":"https:\/\/cursadebombers.barcelona\/","logo":{"@type":"ImageObject","inLanguage":"es","@id":"https:\/\/cursadebombers.barcelona\/#\/schema\/logo\/image\/","url":"https:\/\/cursadebombers.barcelona\/wp-content\/uploads\/2025\/06\/logo-cursa-bombers-app.png","contentUrl":"https:\/\/cursadebombers.barcelona\/wp-content\/uploads\/2025\/06\/logo-cursa-bombers-app.png","width":512,"height":512,"caption":"Cursa de Bombers"},"image":{"@id":"https:\/\/cursadebombers.barcelona\/#\/schema\/logo\/image\/"},"sameAs":["https:\/\/www.facebook.com\/CursadeBombers\/","https:\/\/x.com\/cursadebombers","https:\/\/www.instagram.com\/cursadebombers\/"]},{"@type":"Person","@id":"https:\/\/cursadebombers.barcelona\/#\/schema\/person\/35d4ce676dd5e5d74d5c815d7644a99a","name":"Toni","url":"https:\/\/cursadebombers.barcelona\/es\/author\/toni\/"}]}},"_links":{"self":[{"href":"https:\/\/cursadebombers.barcelona\/es\/wp-json\/wp\/v2\/posts\/4740","targetHints":{"allow":["GET"]}}],"collection":[{"href":"https:\/\/cursadebombers.barcelona\/es\/wp-json\/wp\/v2\/posts"}],"about":[{"href":"https:\/\/cursadebombers.barcelona\/es\/wp-json\/wp\/v2\/types\/post"}],"author":[{"embeddable":true,"href":"https:\/\/cursadebombers.barcelona\/es\/wp-json\/wp\/v2\/users\/4"}],"replies":[{"embeddable":true,"href":"https:\/\/cursadebombers.barcelona\/es\/wp-json\/wp\/v2\/comments?post=4740"}],"version-history":[{"count":1,"href":"https:\/\/cursadebombers.barcelona\/es\/wp-json\/wp\/v2\/posts\/4740\/revisions"}],"predecessor-version":[{"id":4741,"href":"https:\/\/cursadebombers.barcelona\/es\/wp-json\/wp\/v2\/posts\/4740\/revisions\/4741"}],"wp:featuredmedia":[{"embeddable":true,"href":"https:\/\/cursadebombers.barcelona\/es\/wp-json\/wp\/v2\/media\/4753"}],"wp:attachment":[{"href":"https:\/\/cursadebombers.barcelona\/es\/wp-json\/wp\/v2\/media?parent=4740"}],"wp:term":[{"taxonomy":"category","embeddable":true,"href":"https:\/\/cursadebombers.barcelona\/es\/wp-json\/wp\/v2\/categories?post=4740"},{"taxonomy":"post_tag","embeddable":true,"href":"https:\/\/cursadebombers.barcelona\/es\/wp-json\/wp\/v2\/tags?post=4740"}],"curies":[{"name":"wp","href":"https:\/\/api.w.org\/{rel}","templated":true}]}}