{"id":3624,"date":"2019-11-21T08:36:03","date_gmt":"2019-11-21T08:36:03","guid":{"rendered":"http:\/\/cursadebombers.barcelona\/?p=3624"},"modified":"2019-11-25T08:39:14","modified_gmt":"2019-11-25T08:39:14","slug":"poco-mas-de-una-semana-para-la-cursa","status":"publish","type":"post","link":"https:\/\/cursadebombers.barcelona\/es\/2019\/11\/21\/poco-mas-de-una-semana-para-la-cursa\/","title":{"rendered":"Poco m\u00e1s de una semana para la Cursa"},"content":{"rendered":"<p>Falta poco m\u00e1s de una semana para la <strong>Cursa de Bombers 2019<\/strong> y no queremos que te pierdas detalle. Despu\u00e9s de muchas semanas de preparaci\u00f3n, por fin ha llegado la hora de la verdad. El d\u00eda <strong>1 de diciembre<\/strong> Barcelona volver\u00e1 a homenajear a los bomberos, convirtiendo la ciudad en una gran fiesta.<\/p>\n<p>No queremos que nadie se quede sin poder venir. Recordamos que <strong>las inscripciones se cierran este domingo d\u00eda 24 de noviembre<\/strong>. Por lo tanto, si eres de los que te gusta ir a \u00faltima hora, estate atento, que no te pase la fecha!<\/p>\n<p>Tambi\u00e9n recordar que la <strong>recogida del dorsal, camiseta y gymsack<\/strong> efectuar\u00e1 en la feria del corredor. Este a\u00f1o nos localizaremos a un espacio tan emblem\u00e1tico como el <strong>mercado de la Sagrada Familia, los d\u00edas 28, 29 y 30 de noviembre<\/strong>. Toda la informaci\u00f3n sobre la feria del corredor la podr\u00e1s encontrar <a href=\"http:\/\/cursadebombers.barcelona\/es\/fira-del-corredor\/\">aqu\u00ed<\/a>.<\/p>\n<p>Por \u00faltimo recordar que la Cursa de Bombers, es mucho m\u00e1s que una carrera. Las salidas lo corroboran, y este a\u00f1o no ser\u00e1 menos. Por primera vez la salida, estar\u00e1 acompa\u00f1ada de la m\u00fasica de <strong>Doctor Prats<\/strong>, uno de los grupos referentes de la m\u00fasica catalana de hoy en d\u00eda.<\/p>\n","protected":false},"excerpt":{"rendered":"<p>Falta poco m\u00e1s de una semana para la Cursa de Bombers 2019 y no queremos que te pierdas detalle. Despu\u00e9s de muchas semanas de preparaci\u00f3n, por fin ha llegado la hora de la verdad. El d\u00eda 1 de diciembre Barcelona volver\u00e1 a homenajear a los bomberos, convirtiendo la ciudad en una gran fiesta. No queremos [&hellip;]<\/p>\n","protected":false},"author":1,"featured_media":3619,"comment_status":"closed","ping_status":"closed","sticky":false,"template":"","format":"standard","meta":{"_et_pb_use_builder":"","_et_pb_old_content":"","_et_gb_content_width":"","footnotes":""},"categories":[1],"tags":[],"class_list":["post-3624","post","type-post","status-publish","format-standard","has-post-thumbnail","hentry","category-noticias"],"yoast_head":"<!-- This site is optimized with the Yoast SEO plugin v27.2 - https:\/\/yoast.com\/product\/yoast-seo-wordpress\/ -->\n<title>Poco m\u00e1s de una semana para la Cursa - Cursa de Bombers<\/title>\n<meta name=\"description\" content=\"Falta poco m\u00e1s de una semana para la Carrera de Bomberos 2019 y no queremos que te pierdas detalle.\" \/>\n<meta name=\"robots\" content=\"index, follow, max-snippet:-1, max-image-preview:large, max-video-preview:-1\" \/>\n<link rel=\"canonical\" href=\"https:\/\/cursadebombers.barcelona\/2019\/11\/21\/menys-duna-setmana-per-la-cursa\/\" \/>\n<meta property=\"og:locale\" content=\"es_ES\" \/>\n<meta property=\"og:type\" content=\"article\" \/>\n<meta property=\"og:title\" content=\"Poco m\u00e1s de una semana para la Cursa - Cursa de Bombers\" \/>\n<meta property=\"og:description\" content=\"Falta poco m\u00e1s de una semana para la Carrera de Bomberos 2019 y no queremos que te pierdas detalle.\" \/>\n<meta property=\"og:url\" content=\"https:\/\/cursadebombers.barcelona\/2019\/11\/21\/menys-duna-setmana-per-la-cursa\/\" \/>\n<meta property=\"og:site_name\" content=\"Cursa de Bombers\" \/>\n<meta property=\"article:publisher\" content=\"https:\/\/www.facebook.com\/CursadeBombers\/\" \/>\n<meta property=\"article:published_time\" content=\"2019-11-21T08:36:03+00:00\" \/>\n<meta property=\"article:modified_time\" content=\"2019-11-25T08:39:14+00:00\" \/>\n<meta property=\"og:image\" content=\"https:\/\/cursadebombers.barcelona\/wp-content\/uploads\/2019\/11\/web-1-setmana.jpg\" \/>\n\t<meta property=\"og:image:width\" content=\"1920\" \/>\n\t<meta property=\"og:image:height\" content=\"1180\" \/>\n\t<meta property=\"og:image:type\" content=\"image\/jpeg\" \/>\n<meta name=\"author\" content=\"empiezapori\" \/>\n<meta name=\"twitter:card\" content=\"summary_large_image\" \/>\n<meta name=\"twitter:creator\" content=\"@cursadebombers\" \/>\n<meta name=\"twitter:site\" content=\"@cursadebombers\" \/>\n<meta name=\"twitter:label1\" content=\"Escrito por\" \/>\n\t<meta name=\"twitter:data1\" content=\"empiezapori\" \/>\n\t<meta name=\"twitter:label2\" content=\"Tiempo de lectura\" \/>\n\t<meta name=\"twitter:data2\" content=\"1 minuto\" \/>\n<script type=\"application\/ld+json\" class=\"yoast-schema-graph\">{\"@context\":\"https:\/\/schema.org\",\"@graph\":[{\"@type\":\"Article\",\"@id\":\"https:\/\/cursadebombers.barcelona\/2019\/11\/21\/menys-duna-setmana-per-la-cursa\/#article\",\"isPartOf\":{\"@id\":\"https:\/\/cursadebombers.barcelona\/2019\/11\/21\/menys-duna-setmana-per-la-cursa\/\"},\"author\":{\"name\":\"empiezapori\",\"@id\":\"https:\/\/cursadebombers.barcelona\/#\/schema\/person\/8f2375d7da4b435c7fbb8fb760df6bfe\"},\"headline\":\"Poco m\u00e1s de una semana para la Cursa\",\"datePublished\":\"2019-11-21T08:36:03+00:00\",\"dateModified\":\"2019-11-25T08:39:14+00:00\",\"mainEntityOfPage\":{\"@id\":\"https:\/\/cursadebombers.barcelona\/2019\/11\/21\/menys-duna-setmana-per-la-cursa\/\"},\"wordCount\":218,\"publisher\":{\"@id\":\"https:\/\/cursadebombers.barcelona\/#organization\"},\"image\":{\"@id\":\"https:\/\/cursadebombers.barcelona\/2019\/11\/21\/menys-duna-setmana-per-la-cursa\/#primaryimage\"},\"thumbnailUrl\":\"https:\/\/cursadebombers.barcelona\/wp-content\/uploads\/2019\/11\/web-1-setmana.jpg\",\"articleSection\":[\"Noticias\"],\"inLanguage\":\"es\"},{\"@type\":\"WebPage\",\"@id\":\"https:\/\/cursadebombers.barcelona\/2019\/11\/21\/menys-duna-setmana-per-la-cursa\/\",\"url\":\"https:\/\/cursadebombers.barcelona\/2019\/11\/21\/menys-duna-setmana-per-la-cursa\/\",\"name\":\"Poco m\u00e1s de una semana para la Cursa - Cursa de Bombers\",\"isPartOf\":{\"@id\":\"https:\/\/cursadebombers.barcelona\/#website\"},\"primaryImageOfPage\":{\"@id\":\"https:\/\/cursadebombers.barcelona\/2019\/11\/21\/menys-duna-setmana-per-la-cursa\/#primaryimage\"},\"image\":{\"@id\":\"https:\/\/cursadebombers.barcelona\/2019\/11\/21\/menys-duna-setmana-per-la-cursa\/#primaryimage\"},\"thumbnailUrl\":\"https:\/\/cursadebombers.barcelona\/wp-content\/uploads\/2019\/11\/web-1-setmana.jpg\",\"datePublished\":\"2019-11-21T08:36:03+00:00\",\"dateModified\":\"2019-11-25T08:39:14+00:00\",\"description\":\"Falta poco m\u00e1s de una semana para la Carrera de Bomberos 2019 y no queremos que te pierdas detalle.\",\"breadcrumb\":{\"@id\":\"https:\/\/cursadebombers.barcelona\/2019\/11\/21\/menys-duna-setmana-per-la-cursa\/#breadcrumb\"},\"inLanguage\":\"es\",\"potentialAction\":[{\"@type\":\"ReadAction\",\"target\":[\"https:\/\/cursadebombers.barcelona\/2019\/11\/21\/menys-duna-setmana-per-la-cursa\/\"]}]},{\"@type\":\"ImageObject\",\"inLanguage\":\"es\",\"@id\":\"https:\/\/cursadebombers.barcelona\/2019\/11\/21\/menys-duna-setmana-per-la-cursa\/#primaryimage\",\"url\":\"https:\/\/cursadebombers.barcelona\/wp-content\/uploads\/2019\/11\/web-1-setmana.jpg\",\"contentUrl\":\"https:\/\/cursadebombers.barcelona\/wp-content\/uploads\/2019\/11\/web-1-setmana.jpg\",\"width\":1920,\"height\":1180},{\"@type\":\"BreadcrumbList\",\"@id\":\"https:\/\/cursadebombers.barcelona\/2019\/11\/21\/menys-duna-setmana-per-la-cursa\/#breadcrumb\",\"itemListElement\":[{\"@type\":\"ListItem\",\"position\":1,\"name\":\"Inici\",\"item\":\"https:\/\/cursadebombers.barcelona\/\"},{\"@type\":\"ListItem\",\"position\":2,\"name\":\"Poco m\u00e1s de una semana para la Cursa\"}]},{\"@type\":\"WebSite\",\"@id\":\"https:\/\/cursadebombers.barcelona\/#website\",\"url\":\"https:\/\/cursadebombers.barcelona\/\",\"name\":\"Cursa de Bombers\",\"description\":\"La Cursa dels Bombers de Barcelona.\",\"publisher\":{\"@id\":\"https:\/\/cursadebombers.barcelona\/#organization\"},\"potentialAction\":[{\"@type\":\"SearchAction\",\"target\":{\"@type\":\"EntryPoint\",\"urlTemplate\":\"https:\/\/cursadebombers.barcelona\/?s={search_term_string}\"},\"query-input\":{\"@type\":\"PropertyValueSpecification\",\"valueRequired\":true,\"valueName\":\"search_term_string\"}}],\"inLanguage\":\"es\"},{\"@type\":\"Organization\",\"@id\":\"https:\/\/cursadebombers.barcelona\/#organization\",\"name\":\"Cursa de Bombers\",\"url\":\"https:\/\/cursadebombers.barcelona\/\",\"logo\":{\"@type\":\"ImageObject\",\"inLanguage\":\"es\",\"@id\":\"https:\/\/cursadebombers.barcelona\/#\/schema\/logo\/image\/\",\"url\":\"https:\/\/cursadebombers.barcelona\/wp-content\/uploads\/2025\/06\/logo-cursa-bombers-app.png\",\"contentUrl\":\"https:\/\/cursadebombers.barcelona\/wp-content\/uploads\/2025\/06\/logo-cursa-bombers-app.png\",\"width\":512,\"height\":512,\"caption\":\"Cursa de Bombers\"},\"image\":{\"@id\":\"https:\/\/cursadebombers.barcelona\/#\/schema\/logo\/image\/\"},\"sameAs\":[\"https:\/\/www.facebook.com\/CursadeBombers\/\",\"https:\/\/x.com\/cursadebombers\",\"https:\/\/www.instagram.com\/cursadebombers\/\"]},{\"@type\":\"Person\",\"@id\":\"https:\/\/cursadebombers.barcelona\/#\/schema\/person\/8f2375d7da4b435c7fbb8fb760df6bfe\",\"name\":\"empiezapori\",\"url\":\"https:\/\/cursadebombers.barcelona\/es\/author\/empiezapori\/\"}]}<\/script>\n<!-- \/ Yoast SEO plugin. -->","yoast_head_json":{"title":"Poco m\u00e1s de una semana para la Cursa - Cursa de Bombers","description":"Falta poco m\u00e1s de una semana para la Carrera de Bomberos 2019 y no queremos que te pierdas detalle.","robots":{"index":"index","follow":"follow","max-snippet":"max-snippet:-1","max-image-preview":"max-image-preview:large","max-video-preview":"max-video-preview:-1"},"canonical":"https:\/\/cursadebombers.barcelona\/2019\/11\/21\/menys-duna-setmana-per-la-cursa\/","og_locale":"es_ES","og_type":"article","og_title":"Poco m\u00e1s de una semana para la Cursa - Cursa de Bombers","og_description":"Falta poco m\u00e1s de una semana para la Carrera de Bomberos 2019 y no queremos que te pierdas detalle.","og_url":"https:\/\/cursadebombers.barcelona\/2019\/11\/21\/menys-duna-setmana-per-la-cursa\/","og_site_name":"Cursa de Bombers","article_publisher":"https:\/\/www.facebook.com\/CursadeBombers\/","article_published_time":"2019-11-21T08:36:03+00:00","article_modified_time":"2019-11-25T08:39:14+00:00","og_image":[{"width":1920,"height":1180,"url":"https:\/\/cursadebombers.barcelona\/wp-content\/uploads\/2019\/11\/web-1-setmana.jpg","type":"image\/jpeg"}],"author":"empiezapori","twitter_card":"summary_large_image","twitter_creator":"@cursadebombers","twitter_site":"@cursadebombers","twitter_misc":{"Escrito por":"empiezapori","Tiempo de lectura":"1 minuto"},"schema":{"@context":"https:\/\/schema.org","@graph":[{"@type":"Article","@id":"https:\/\/cursadebombers.barcelona\/2019\/11\/21\/menys-duna-setmana-per-la-cursa\/#article","isPartOf":{"@id":"https:\/\/cursadebombers.barcelona\/2019\/11\/21\/menys-duna-setmana-per-la-cursa\/"},"author":{"name":"empiezapori","@id":"https:\/\/cursadebombers.barcelona\/#\/schema\/person\/8f2375d7da4b435c7fbb8fb760df6bfe"},"headline":"Poco m\u00e1s de una semana para la Cursa","datePublished":"2019-11-21T08:36:03+00:00","dateModified":"2019-11-25T08:39:14+00:00","mainEntityOfPage":{"@id":"https:\/\/cursadebombers.barcelona\/2019\/11\/21\/menys-duna-setmana-per-la-cursa\/"},"wordCount":218,"publisher":{"@id":"https:\/\/cursadebombers.barcelona\/#organization"},"image":{"@id":"https:\/\/cursadebombers.barcelona\/2019\/11\/21\/menys-duna-setmana-per-la-cursa\/#primaryimage"},"thumbnailUrl":"https:\/\/cursadebombers.barcelona\/wp-content\/uploads\/2019\/11\/web-1-setmana.jpg","articleSection":["Noticias"],"inLanguage":"es"},{"@type":"WebPage","@id":"https:\/\/cursadebombers.barcelona\/2019\/11\/21\/menys-duna-setmana-per-la-cursa\/","url":"https:\/\/cursadebombers.barcelona\/2019\/11\/21\/menys-duna-setmana-per-la-cursa\/","name":"Poco m\u00e1s de una semana para la Cursa - Cursa de Bombers","isPartOf":{"@id":"https:\/\/cursadebombers.barcelona\/#website"},"primaryImageOfPage":{"@id":"https:\/\/cursadebombers.barcelona\/2019\/11\/21\/menys-duna-setmana-per-la-cursa\/#primaryimage"},"image":{"@id":"https:\/\/cursadebombers.barcelona\/2019\/11\/21\/menys-duna-setmana-per-la-cursa\/#primaryimage"},"thumbnailUrl":"https:\/\/cursadebombers.barcelona\/wp-content\/uploads\/2019\/11\/web-1-setmana.jpg","datePublished":"2019-11-21T08:36:03+00:00","dateModified":"2019-11-25T08:39:14+00:00","description":"Falta poco m\u00e1s de una semana para la Carrera de Bomberos 2019 y no queremos que te pierdas detalle.","breadcrumb":{"@id":"https:\/\/cursadebombers.barcelona\/2019\/11\/21\/menys-duna-setmana-per-la-cursa\/#breadcrumb"},"inLanguage":"es","potentialAction":[{"@type":"ReadAction","target":["https:\/\/cursadebombers.barcelona\/2019\/11\/21\/menys-duna-setmana-per-la-cursa\/"]}]},{"@type":"ImageObject","inLanguage":"es","@id":"https:\/\/cursadebombers.barcelona\/2019\/11\/21\/menys-duna-setmana-per-la-cursa\/#primaryimage","url":"https:\/\/cursadebombers.barcelona\/wp-content\/uploads\/2019\/11\/web-1-setmana.jpg","contentUrl":"https:\/\/cursadebombers.barcelona\/wp-content\/uploads\/2019\/11\/web-1-setmana.jpg","width":1920,"height":1180},{"@type":"BreadcrumbList","@id":"https:\/\/cursadebombers.barcelona\/2019\/11\/21\/menys-duna-setmana-per-la-cursa\/#breadcrumb","itemListElement":[{"@type":"ListItem","position":1,"name":"Inici","item":"https:\/\/cursadebombers.barcelona\/"},{"@type":"ListItem","position":2,"name":"Poco m\u00e1s de una semana para la Cursa"}]},{"@type":"WebSite","@id":"https:\/\/cursadebombers.barcelona\/#website","url":"https:\/\/cursadebombers.barcelona\/","name":"Cursa de Bombers","description":"La Cursa dels Bombers de Barcelona.","publisher":{"@id":"https:\/\/cursadebombers.barcelona\/#organization"},"potentialAction":[{"@type":"SearchAction","target":{"@type":"EntryPoint","urlTemplate":"https:\/\/cursadebombers.barcelona\/?s={search_term_string}"},"query-input":{"@type":"PropertyValueSpecification","valueRequired":true,"valueName":"search_term_string"}}],"inLanguage":"es"},{"@type":"Organization","@id":"https:\/\/cursadebombers.barcelona\/#organization","name":"Cursa de Bombers","url":"https:\/\/cursadebombers.barcelona\/","logo":{"@type":"ImageObject","inLanguage":"es","@id":"https:\/\/cursadebombers.barcelona\/#\/schema\/logo\/image\/","url":"https:\/\/cursadebombers.barcelona\/wp-content\/uploads\/2025\/06\/logo-cursa-bombers-app.png","contentUrl":"https:\/\/cursadebombers.barcelona\/wp-content\/uploads\/2025\/06\/logo-cursa-bombers-app.png","width":512,"height":512,"caption":"Cursa de Bombers"},"image":{"@id":"https:\/\/cursadebombers.barcelona\/#\/schema\/logo\/image\/"},"sameAs":["https:\/\/www.facebook.com\/CursadeBombers\/","https:\/\/x.com\/cursadebombers","https:\/\/www.instagram.com\/cursadebombers\/"]},{"@type":"Person","@id":"https:\/\/cursadebombers.barcelona\/#\/schema\/person\/8f2375d7da4b435c7fbb8fb760df6bfe","name":"empiezapori","url":"https:\/\/cursadebombers.barcelona\/es\/author\/empiezapori\/"}]}},"_links":{"self":[{"href":"https:\/\/cursadebombers.barcelona\/es\/wp-json\/wp\/v2\/posts\/3624","targetHints":{"allow":["GET"]}}],"collection":[{"href":"https:\/\/cursadebombers.barcelona\/es\/wp-json\/wp\/v2\/posts"}],"about":[{"href":"https:\/\/cursadebombers.barcelona\/es\/wp-json\/wp\/v2\/types\/post"}],"author":[{"embeddable":true,"href":"https:\/\/cursadebombers.barcelona\/es\/wp-json\/wp\/v2\/users\/1"}],"replies":[{"embeddable":true,"href":"https:\/\/cursadebombers.barcelona\/es\/wp-json\/wp\/v2\/comments?post=3624"}],"version-history":[{"count":2,"href":"https:\/\/cursadebombers.barcelona\/es\/wp-json\/wp\/v2\/posts\/3624\/revisions"}],"predecessor-version":[{"id":3626,"href":"https:\/\/cursadebombers.barcelona\/es\/wp-json\/wp\/v2\/posts\/3624\/revisions\/3626"}],"wp:featuredmedia":[{"embeddable":true,"href":"https:\/\/cursadebombers.barcelona\/es\/wp-json\/wp\/v2\/media\/3619"}],"wp:attachment":[{"href":"https:\/\/cursadebombers.barcelona\/es\/wp-json\/wp\/v2\/media?parent=3624"}],"wp:term":[{"taxonomy":"category","embeddable":true,"href":"https:\/\/cursadebombers.barcelona\/es\/wp-json\/wp\/v2\/categories?post=3624"},{"taxonomy":"post_tag","embeddable":true,"href":"https:\/\/cursadebombers.barcelona\/es\/wp-json\/wp\/v2\/tags?post=3624"}],"curies":[{"name":"wp","href":"https:\/\/api.w.org\/{rel}","templated":true}]}}