{"id":3464,"date":"2019-10-21T08:14:21","date_gmt":"2019-10-21T08:14:21","guid":{"rendered":"http:\/\/cursadebombers.barcelona\/?p=3464"},"modified":"2019-10-21T08:14:21","modified_gmt":"2019-10-21T08:14:21","slug":"los-atletas-de-elite-del-2019","status":"publish","type":"post","link":"https:\/\/cursadebombers.barcelona\/es\/2019\/10\/21\/los-atletas-de-elite-del-2019\/","title":{"rendered":"Los atletas de \u00e9lite del 2019"},"content":{"rendered":"<p><strong>LOS ATLETAS DE \u00c9LITE DEL 2019<\/strong><\/p>\n<p><strong>LA CARRERA BOMBEROS APOYA A LOS ATLETAS LOCALES COMO MARTA GALIMANY Y MARC ALCAL\u00c1<\/strong><\/p>\n<p><strong>\u00a0<\/strong><\/p>\n<ul>\n<li><strong> Los atletas catalanes Marta Galimany y Marc Alcal\u00e1 buscar\u00e1n revalidar la victoria del 2018 el pr\u00f3ximo domingo 27 de octubre.<\/strong><\/li>\n<\/ul>\n<p>La Cursa Bombers de Barcelona 2019 contar\u00e1 con los dos vencedores de la 20\u00aa edici\u00f3n de la Cursa Bombers de 2019, Marta Galimany y Marc Alcal\u00e1. Ambos volver\u00e1n a ser este a\u00f1o a la l\u00ednea de salida del pr\u00f3ximo 27 de octubre con el objetivo de revalidar las respectivas victorias ante los bomberos.<\/p>\n<p><strong>Marta Galimany<\/strong> ha marcado un gran 2019 siendo Campeona de Espa\u00f1a en 10km &#8211; la misma distancia de la Cursa Bombers &#8211; y ha marcado la mejor marca espa\u00f1ola de marat\u00f3n este a\u00f1o. Este mismo mes de octubre ha participado en el Campeonato del Mundo de Marat\u00f3n donde ha finalizado en 16\u00aa posici\u00f3n. La mejor atleta catalana de fondo del momento seguro ofrecer\u00e1 una buena carrera el pr\u00f3ximo 27 de octubre.<\/p>\n<p>Otras atletas femeninas que habr\u00e1 en la 21\u00aa edici\u00f3n de la Cursa Bombers de Barcelona son <strong>B\u00e1rbara Ramon <\/strong>y <strong>Sara Loher<\/strong>.<\/p>\n<p>En categor\u00eda masculina <strong>Marc Alcal\u00e1 <\/strong>tambi\u00e9n repite en la carrera m\u00e1s popular de la ciudad de Barcelona con la intenci\u00f3n de revalidar tambi\u00e9n el triunfo. Alcal\u00e1, que es Campe\u00f3n de Espa\u00f1a en 1.500m, no llega en sus mejores condiciones, ya que apenas sale de una lesi\u00f3n que le ha tenido un tiempo parado.<\/p>\n<p>Los principales competidores de Alcal\u00e1 son el atleta ol\u00edmpico y campe\u00f3n de Espa\u00f1a en diferentes ocasiones, <strong>Carles Castillejo<\/strong>, quien tambi\u00e9n ha subido al segundo escal\u00f3n del podio de la Cursa Bombers los a\u00f1os 2016 y 2017; <strong>Loren\u00e7 Salas<\/strong>, sexto clasificado de la pasada edici\u00f3n; <strong>Mourad Mou<\/strong>nin o <strong>Abderrahim El Jaafari<\/strong>, tercer clasificado de la Cursa Bombers 2017 y cuarto en 2018.<\/p>\n\n\t\t<style type=\"text\/css\">\n\t\t\t#gallery-1 {\n\t\t\t\tmargin: auto;\n\t\t\t}\n\t\t\t#gallery-1 .gallery-item {\n\t\t\t\tfloat: left;\n\t\t\t\tmargin-top: 10px;\n\t\t\t\ttext-align: center;\n\t\t\t\twidth: 50%;\n\t\t\t}\n\t\t\t#gallery-1 img {\n\t\t\t\tborder: 2px solid #cfcfcf;\n\t\t\t}\n\t\t\t#gallery-1 .gallery-caption {\n\t\t\t\tmargin-left: 0;\n\t\t\t}\n\t\t\t\/* see gallery_shortcode() in wp-includes\/media.php *\/\n\t\t<\/style>\n\t\t<div id='gallery-1' class='gallery galleryid-3464 gallery-columns-2 gallery-size-medium'><dl class='gallery-item'>\n\t\t\t<dt class='gallery-icon landscape'>\n\t\t\t\t<a href='https:\/\/cursadebombers.barcelona\/wp-content\/uploads\/2019\/10\/352.jpg'><img loading=\"lazy\" decoding=\"async\" width=\"300\" height=\"200\" src=\"https:\/\/cursadebombers.barcelona\/wp-content\/uploads\/2019\/10\/352-300x200.jpg\" class=\"attachment-medium size-medium\" alt=\"\" \/><\/a>\n\t\t\t<\/dt><\/dl><dl class='gallery-item'>\n\t\t\t<dt class='gallery-icon landscape'>\n\t\t\t\t<a href='https:\/\/cursadebombers.barcelona\/wp-content\/uploads\/2019\/10\/Marta.jpg'><img loading=\"lazy\" decoding=\"async\" width=\"300\" height=\"200\" src=\"https:\/\/cursadebombers.barcelona\/wp-content\/uploads\/2019\/10\/Marta-300x200.jpg\" class=\"attachment-medium size-medium\" alt=\"\" \/><\/a>\n\t\t\t<\/dt><\/dl><br style=\"clear: both\" \/>\n\t\t<\/div>\n\n","protected":false},"excerpt":{"rendered":"<p>LOS ATLETAS DE \u00c9LITE DEL 2019 LA CARRERA BOMBEROS APOYA A LOS ATLETAS LOCALES COMO MARTA GALIMANY Y MARC ALCAL\u00c1 \u00a0 Los atletas catalanes Marta Galimany y Marc Alcal\u00e1 buscar\u00e1n revalidar la victoria del 2018 el pr\u00f3ximo domingo 27 de octubre. La Cursa Bombers de Barcelona 2019 contar\u00e1 con los dos vencedores de la 20\u00aa [&hellip;]<\/p>\n","protected":false},"author":1,"featured_media":3460,"comment_status":"closed","ping_status":"closed","sticky":false,"template":"","format":"standard","meta":{"_et_pb_use_builder":"","_et_pb_old_content":"","_et_gb_content_width":"","footnotes":""},"categories":[1],"tags":[],"class_list":["post-3464","post","type-post","status-publish","format-standard","has-post-thumbnail","hentry","category-noticias"],"yoast_head":"<!-- This site is optimized with the Yoast SEO plugin v27.2 - https:\/\/yoast.com\/product\/yoast-seo-wordpress\/ -->\n<title>Los atletas de \u00e9lite del 2019 - Cursa de Bombers<\/title>\n<meta name=\"robots\" content=\"index, follow, max-snippet:-1, max-image-preview:large, max-video-preview:-1\" \/>\n<link rel=\"canonical\" href=\"https:\/\/cursadebombers.barcelona\/2019\/10\/21\/els-atletes-delit-del-2019\/\" \/>\n<meta property=\"og:locale\" content=\"es_ES\" \/>\n<meta property=\"og:type\" content=\"article\" \/>\n<meta property=\"og:title\" content=\"Los atletas de \u00e9lite del 2019 - Cursa de Bombers\" \/>\n<meta property=\"og:description\" content=\"LOS ATLETAS DE \u00c9LITE DEL 2019 LA CARRERA BOMBEROS APOYA A LOS ATLETAS LOCALES COMO MARTA GALIMANY Y MARC ALCAL\u00c1 \u00a0 Los atletas catalanes Marta Galimany y Marc Alcal\u00e1 buscar\u00e1n revalidar la victoria del 2018 el pr\u00f3ximo domingo 27 de octubre. La Cursa Bombers de Barcelona 2019 contar\u00e1 con los dos vencedores de la 20\u00aa [&hellip;]\" \/>\n<meta property=\"og:url\" content=\"https:\/\/cursadebombers.barcelona\/2019\/10\/21\/els-atletes-delit-del-2019\/\" \/>\n<meta property=\"og:site_name\" content=\"Cursa de Bombers\" \/>\n<meta property=\"article:publisher\" content=\"https:\/\/www.facebook.com\/CursadeBombers\/\" \/>\n<meta property=\"article:published_time\" content=\"2019-10-21T08:14:21+00:00\" \/>\n<meta property=\"og:image\" content=\"https:\/\/cursadebombers.barcelona\/wp-content\/uploads\/2019\/10\/Marta.jpg\" \/>\n\t<meta property=\"og:image:width\" content=\"1920\" \/>\n\t<meta property=\"og:image:height\" content=\"1280\" \/>\n\t<meta property=\"og:image:type\" content=\"image\/jpeg\" \/>\n<meta name=\"author\" content=\"empiezapori\" \/>\n<meta name=\"twitter:card\" content=\"summary_large_image\" \/>\n<meta name=\"twitter:creator\" content=\"@cursadebombers\" \/>\n<meta name=\"twitter:site\" content=\"@cursadebombers\" \/>\n<meta name=\"twitter:label1\" content=\"Escrito por\" \/>\n\t<meta name=\"twitter:data1\" content=\"empiezapori\" \/>\n\t<meta name=\"twitter:label2\" content=\"Tiempo de lectura\" \/>\n\t<meta name=\"twitter:data2\" content=\"2 minutos\" \/>\n<script type=\"application\/ld+json\" class=\"yoast-schema-graph\">{\"@context\":\"https:\/\/schema.org\",\"@graph\":[{\"@type\":\"Article\",\"@id\":\"https:\/\/cursadebombers.barcelona\/2019\/10\/21\/els-atletes-delit-del-2019\/#article\",\"isPartOf\":{\"@id\":\"https:\/\/cursadebombers.barcelona\/2019\/10\/21\/els-atletes-delit-del-2019\/\"},\"author\":{\"name\":\"empiezapori\",\"@id\":\"https:\/\/cursadebombers.barcelona\/#\/schema\/person\/8f2375d7da4b435c7fbb8fb760df6bfe\"},\"headline\":\"Los atletas de \u00e9lite del 2019\",\"datePublished\":\"2019-10-21T08:14:21+00:00\",\"mainEntityOfPage\":{\"@id\":\"https:\/\/cursadebombers.barcelona\/2019\/10\/21\/els-atletes-delit-del-2019\/\"},\"wordCount\":327,\"publisher\":{\"@id\":\"https:\/\/cursadebombers.barcelona\/#organization\"},\"image\":{\"@id\":\"https:\/\/cursadebombers.barcelona\/2019\/10\/21\/els-atletes-delit-del-2019\/#primaryimage\"},\"thumbnailUrl\":\"https:\/\/cursadebombers.barcelona\/wp-content\/uploads\/2019\/10\/Marta.jpg\",\"articleSection\":[\"Noticias\"],\"inLanguage\":\"es\"},{\"@type\":\"WebPage\",\"@id\":\"https:\/\/cursadebombers.barcelona\/2019\/10\/21\/els-atletes-delit-del-2019\/\",\"url\":\"https:\/\/cursadebombers.barcelona\/2019\/10\/21\/els-atletes-delit-del-2019\/\",\"name\":\"Los atletas de \u00e9lite del 2019 - Cursa de Bombers\",\"isPartOf\":{\"@id\":\"https:\/\/cursadebombers.barcelona\/#website\"},\"primaryImageOfPage\":{\"@id\":\"https:\/\/cursadebombers.barcelona\/2019\/10\/21\/els-atletes-delit-del-2019\/#primaryimage\"},\"image\":{\"@id\":\"https:\/\/cursadebombers.barcelona\/2019\/10\/21\/els-atletes-delit-del-2019\/#primaryimage\"},\"thumbnailUrl\":\"https:\/\/cursadebombers.barcelona\/wp-content\/uploads\/2019\/10\/Marta.jpg\",\"datePublished\":\"2019-10-21T08:14:21+00:00\",\"breadcrumb\":{\"@id\":\"https:\/\/cursadebombers.barcelona\/2019\/10\/21\/els-atletes-delit-del-2019\/#breadcrumb\"},\"inLanguage\":\"es\",\"potentialAction\":[{\"@type\":\"ReadAction\",\"target\":[\"https:\/\/cursadebombers.barcelona\/2019\/10\/21\/els-atletes-delit-del-2019\/\"]}]},{\"@type\":\"ImageObject\",\"inLanguage\":\"es\",\"@id\":\"https:\/\/cursadebombers.barcelona\/2019\/10\/21\/els-atletes-delit-del-2019\/#primaryimage\",\"url\":\"https:\/\/cursadebombers.barcelona\/wp-content\/uploads\/2019\/10\/Marta.jpg\",\"contentUrl\":\"https:\/\/cursadebombers.barcelona\/wp-content\/uploads\/2019\/10\/Marta.jpg\",\"width\":1920,\"height\":1280},{\"@type\":\"BreadcrumbList\",\"@id\":\"https:\/\/cursadebombers.barcelona\/2019\/10\/21\/els-atletes-delit-del-2019\/#breadcrumb\",\"itemListElement\":[{\"@type\":\"ListItem\",\"position\":1,\"name\":\"Inici\",\"item\":\"https:\/\/cursadebombers.barcelona\/\"},{\"@type\":\"ListItem\",\"position\":2,\"name\":\"Los atletas de \u00e9lite del 2019\"}]},{\"@type\":\"WebSite\",\"@id\":\"https:\/\/cursadebombers.barcelona\/#website\",\"url\":\"https:\/\/cursadebombers.barcelona\/\",\"name\":\"Cursa de Bombers\",\"description\":\"La Cursa dels Bombers de Barcelona.\",\"publisher\":{\"@id\":\"https:\/\/cursadebombers.barcelona\/#organization\"},\"potentialAction\":[{\"@type\":\"SearchAction\",\"target\":{\"@type\":\"EntryPoint\",\"urlTemplate\":\"https:\/\/cursadebombers.barcelona\/?s={search_term_string}\"},\"query-input\":{\"@type\":\"PropertyValueSpecification\",\"valueRequired\":true,\"valueName\":\"search_term_string\"}}],\"inLanguage\":\"es\"},{\"@type\":\"Organization\",\"@id\":\"https:\/\/cursadebombers.barcelona\/#organization\",\"name\":\"Cursa de Bombers\",\"url\":\"https:\/\/cursadebombers.barcelona\/\",\"logo\":{\"@type\":\"ImageObject\",\"inLanguage\":\"es\",\"@id\":\"https:\/\/cursadebombers.barcelona\/#\/schema\/logo\/image\/\",\"url\":\"https:\/\/cursadebombers.barcelona\/wp-content\/uploads\/2025\/06\/logo-cursa-bombers-app.png\",\"contentUrl\":\"https:\/\/cursadebombers.barcelona\/wp-content\/uploads\/2025\/06\/logo-cursa-bombers-app.png\",\"width\":512,\"height\":512,\"caption\":\"Cursa de Bombers\"},\"image\":{\"@id\":\"https:\/\/cursadebombers.barcelona\/#\/schema\/logo\/image\/\"},\"sameAs\":[\"https:\/\/www.facebook.com\/CursadeBombers\/\",\"https:\/\/x.com\/cursadebombers\",\"https:\/\/www.instagram.com\/cursadebombers\/\"]},{\"@type\":\"Person\",\"@id\":\"https:\/\/cursadebombers.barcelona\/#\/schema\/person\/8f2375d7da4b435c7fbb8fb760df6bfe\",\"name\":\"empiezapori\",\"url\":\"https:\/\/cursadebombers.barcelona\/es\/author\/empiezapori\/\"}]}<\/script>\n<!-- \/ Yoast SEO plugin. -->","yoast_head_json":{"title":"Los atletas de \u00e9lite del 2019 - Cursa de Bombers","robots":{"index":"index","follow":"follow","max-snippet":"max-snippet:-1","max-image-preview":"max-image-preview:large","max-video-preview":"max-video-preview:-1"},"canonical":"https:\/\/cursadebombers.barcelona\/2019\/10\/21\/els-atletes-delit-del-2019\/","og_locale":"es_ES","og_type":"article","og_title":"Los atletas de \u00e9lite del 2019 - Cursa de Bombers","og_description":"LOS ATLETAS DE \u00c9LITE DEL 2019 LA CARRERA BOMBEROS APOYA A LOS ATLETAS LOCALES COMO MARTA GALIMANY Y MARC ALCAL\u00c1 \u00a0 Los atletas catalanes Marta Galimany y Marc Alcal\u00e1 buscar\u00e1n revalidar la victoria del 2018 el pr\u00f3ximo domingo 27 de octubre. La Cursa Bombers de Barcelona 2019 contar\u00e1 con los dos vencedores de la 20\u00aa [&hellip;]","og_url":"https:\/\/cursadebombers.barcelona\/2019\/10\/21\/els-atletes-delit-del-2019\/","og_site_name":"Cursa de Bombers","article_publisher":"https:\/\/www.facebook.com\/CursadeBombers\/","article_published_time":"2019-10-21T08:14:21+00:00","og_image":[{"width":1920,"height":1280,"url":"https:\/\/cursadebombers.barcelona\/wp-content\/uploads\/2019\/10\/Marta.jpg","type":"image\/jpeg"}],"author":"empiezapori","twitter_card":"summary_large_image","twitter_creator":"@cursadebombers","twitter_site":"@cursadebombers","twitter_misc":{"Escrito por":"empiezapori","Tiempo de lectura":"2 minutos"},"schema":{"@context":"https:\/\/schema.org","@graph":[{"@type":"Article","@id":"https:\/\/cursadebombers.barcelona\/2019\/10\/21\/els-atletes-delit-del-2019\/#article","isPartOf":{"@id":"https:\/\/cursadebombers.barcelona\/2019\/10\/21\/els-atletes-delit-del-2019\/"},"author":{"name":"empiezapori","@id":"https:\/\/cursadebombers.barcelona\/#\/schema\/person\/8f2375d7da4b435c7fbb8fb760df6bfe"},"headline":"Los atletas de \u00e9lite del 2019","datePublished":"2019-10-21T08:14:21+00:00","mainEntityOfPage":{"@id":"https:\/\/cursadebombers.barcelona\/2019\/10\/21\/els-atletes-delit-del-2019\/"},"wordCount":327,"publisher":{"@id":"https:\/\/cursadebombers.barcelona\/#organization"},"image":{"@id":"https:\/\/cursadebombers.barcelona\/2019\/10\/21\/els-atletes-delit-del-2019\/#primaryimage"},"thumbnailUrl":"https:\/\/cursadebombers.barcelona\/wp-content\/uploads\/2019\/10\/Marta.jpg","articleSection":["Noticias"],"inLanguage":"es"},{"@type":"WebPage","@id":"https:\/\/cursadebombers.barcelona\/2019\/10\/21\/els-atletes-delit-del-2019\/","url":"https:\/\/cursadebombers.barcelona\/2019\/10\/21\/els-atletes-delit-del-2019\/","name":"Los atletas de \u00e9lite del 2019 - Cursa de Bombers","isPartOf":{"@id":"https:\/\/cursadebombers.barcelona\/#website"},"primaryImageOfPage":{"@id":"https:\/\/cursadebombers.barcelona\/2019\/10\/21\/els-atletes-delit-del-2019\/#primaryimage"},"image":{"@id":"https:\/\/cursadebombers.barcelona\/2019\/10\/21\/els-atletes-delit-del-2019\/#primaryimage"},"thumbnailUrl":"https:\/\/cursadebombers.barcelona\/wp-content\/uploads\/2019\/10\/Marta.jpg","datePublished":"2019-10-21T08:14:21+00:00","breadcrumb":{"@id":"https:\/\/cursadebombers.barcelona\/2019\/10\/21\/els-atletes-delit-del-2019\/#breadcrumb"},"inLanguage":"es","potentialAction":[{"@type":"ReadAction","target":["https:\/\/cursadebombers.barcelona\/2019\/10\/21\/els-atletes-delit-del-2019\/"]}]},{"@type":"ImageObject","inLanguage":"es","@id":"https:\/\/cursadebombers.barcelona\/2019\/10\/21\/els-atletes-delit-del-2019\/#primaryimage","url":"https:\/\/cursadebombers.barcelona\/wp-content\/uploads\/2019\/10\/Marta.jpg","contentUrl":"https:\/\/cursadebombers.barcelona\/wp-content\/uploads\/2019\/10\/Marta.jpg","width":1920,"height":1280},{"@type":"BreadcrumbList","@id":"https:\/\/cursadebombers.barcelona\/2019\/10\/21\/els-atletes-delit-del-2019\/#breadcrumb","itemListElement":[{"@type":"ListItem","position":1,"name":"Inici","item":"https:\/\/cursadebombers.barcelona\/"},{"@type":"ListItem","position":2,"name":"Los atletas de \u00e9lite del 2019"}]},{"@type":"WebSite","@id":"https:\/\/cursadebombers.barcelona\/#website","url":"https:\/\/cursadebombers.barcelona\/","name":"Cursa de Bombers","description":"La Cursa dels Bombers de Barcelona.","publisher":{"@id":"https:\/\/cursadebombers.barcelona\/#organization"},"potentialAction":[{"@type":"SearchAction","target":{"@type":"EntryPoint","urlTemplate":"https:\/\/cursadebombers.barcelona\/?s={search_term_string}"},"query-input":{"@type":"PropertyValueSpecification","valueRequired":true,"valueName":"search_term_string"}}],"inLanguage":"es"},{"@type":"Organization","@id":"https:\/\/cursadebombers.barcelona\/#organization","name":"Cursa de Bombers","url":"https:\/\/cursadebombers.barcelona\/","logo":{"@type":"ImageObject","inLanguage":"es","@id":"https:\/\/cursadebombers.barcelona\/#\/schema\/logo\/image\/","url":"https:\/\/cursadebombers.barcelona\/wp-content\/uploads\/2025\/06\/logo-cursa-bombers-app.png","contentUrl":"https:\/\/cursadebombers.barcelona\/wp-content\/uploads\/2025\/06\/logo-cursa-bombers-app.png","width":512,"height":512,"caption":"Cursa de Bombers"},"image":{"@id":"https:\/\/cursadebombers.barcelona\/#\/schema\/logo\/image\/"},"sameAs":["https:\/\/www.facebook.com\/CursadeBombers\/","https:\/\/x.com\/cursadebombers","https:\/\/www.instagram.com\/cursadebombers\/"]},{"@type":"Person","@id":"https:\/\/cursadebombers.barcelona\/#\/schema\/person\/8f2375d7da4b435c7fbb8fb760df6bfe","name":"empiezapori","url":"https:\/\/cursadebombers.barcelona\/es\/author\/empiezapori\/"}]}},"_links":{"self":[{"href":"https:\/\/cursadebombers.barcelona\/es\/wp-json\/wp\/v2\/posts\/3464","targetHints":{"allow":["GET"]}}],"collection":[{"href":"https:\/\/cursadebombers.barcelona\/es\/wp-json\/wp\/v2\/posts"}],"about":[{"href":"https:\/\/cursadebombers.barcelona\/es\/wp-json\/wp\/v2\/types\/post"}],"author":[{"embeddable":true,"href":"https:\/\/cursadebombers.barcelona\/es\/wp-json\/wp\/v2\/users\/1"}],"replies":[{"embeddable":true,"href":"https:\/\/cursadebombers.barcelona\/es\/wp-json\/wp\/v2\/comments?post=3464"}],"version-history":[{"count":1,"href":"https:\/\/cursadebombers.barcelona\/es\/wp-json\/wp\/v2\/posts\/3464\/revisions"}],"predecessor-version":[{"id":3465,"href":"https:\/\/cursadebombers.barcelona\/es\/wp-json\/wp\/v2\/posts\/3464\/revisions\/3465"}],"wp:featuredmedia":[{"embeddable":true,"href":"https:\/\/cursadebombers.barcelona\/es\/wp-json\/wp\/v2\/media\/3460"}],"wp:attachment":[{"href":"https:\/\/cursadebombers.barcelona\/es\/wp-json\/wp\/v2\/media?parent=3464"}],"wp:term":[{"taxonomy":"category","embeddable":true,"href":"https:\/\/cursadebombers.barcelona\/es\/wp-json\/wp\/v2\/categories?post=3464"},{"taxonomy":"post_tag","embeddable":true,"href":"https:\/\/cursadebombers.barcelona\/es\/wp-json\/wp\/v2\/tags?post=3464"}],"curies":[{"name":"wp","href":"https:\/\/api.w.org\/{rel}","templated":true}]}}