{"id":3363,"date":"2019-10-16T13:00:59","date_gmt":"2019-10-16T13:00:59","guid":{"rendered":"http:\/\/cursadebombers.barcelona\/?p=3363"},"modified":"2019-10-21T09:27:24","modified_gmt":"2019-10-21T09:27:24","slug":"presentacion-de-la-cursa-bombers-2019","status":"publish","type":"post","link":"https:\/\/cursadebombers.barcelona\/es\/2019\/10\/16\/presentacion-de-la-cursa-bombers-2019\/","title":{"rendered":"Presentaci\u00f3n de la Cursa Bombers 2019"},"content":{"rendered":"<h4>Presentaci\u00f3n de la Cursa Bombers 2019<\/h4>\n<ul>\n<li><strong>La 21\u00aa edici\u00f3n de la Cursa Bombers de Barcelona llega con novedades, fiesta y con acciones para hacerla m\u00e1s sostenible.<\/strong><\/li>\n<\/ul>\n<ul>\n<li><strong>Doctor Prats ser\u00e1 el grupo de m\u00fasica que dar\u00e1 el pistoletazo de salida a los cerca de 15.000 corredores que habr\u00e1 en la l\u00ednea de salida con una actuaci\u00f3n en directo.<\/strong><\/li>\n<\/ul>\n<p>Dentro de una semana y media los bomberos y bomberas de Barcelona y miles de corredores volver\u00e1n a disfrutar de una de las fiestas deportivas m\u00e1s destacadas de la capital catalana, la Cursa Bombers de Barcelona. Esta ma\u00f1ana se ha presentado la 21\u00aa edici\u00f3n de la carrera en el Espai Bombers Parc de la Prevenci\u00f3 de Barcelona.<\/p>\n<p><strong>Una carrera popular y con una gran participaci\u00f3n femenina<\/strong><\/p>\n<p>Llega una de las carreras que una gran mayor\u00eda de los corredores populares tienen marcada en su calendario deportivo anual. Este a\u00f1o se espera que cerca de 15.000 participantes formen parte de ella y poco a poco tambi\u00e9n va aumentando el n\u00famero de mujeres que se inscriben. El Sr. <strong>David Escud\u00e9<\/strong>, Concejal del Ayuntamiento de Barcelona, ha recordado que \u00ab<em>es una carrera muy especial, ya llevamos 21 ediciones y forma parte del panorama de carreras de la ciudad de Barcelona. Deseo que sea todo un \u00e9xito.<\/em>\u00bb<\/p>\n<p><strong>M\u00e1s bomberos en la l\u00ednea de salida<\/strong><\/p>\n<p>La Cursa Bombers de Barcelona 2019 se recordar\u00e1 por ser una de las carreras con m\u00e1s bomberos participantes. Alrededor de 300 bomberos y bomberas tanto de la ciudad de Barcelona, \u200b\u200bcomo de la Generalitat y tambi\u00e9n de otros pa\u00edses quieren disfrutar de su fiesta. Como ha explicado el director de Bombers de Barcelona, \u200b\u200bSr. <strong>Sebasti\u00e0 Massegu\u00e9<\/strong>, \u00ab<em>para nosotros es una gran ilusi\u00f3n hacer la carrera. Tiene un componente solidario con las acciones propuestas, un reto f\u00edsico al hacer la prueba con la equipaci\u00f3n y una actividad para dinamizar la ciudad de manera deportiva.<\/em>\u00bb Un bombero y una bombera, Quim Guerrero y Susana Cerezo, tambi\u00e9n han tenido su turno de palabra durante el acto. <strong>Quim Guerrero<\/strong> comenta: \u00ab<em>Ser\u00e1 el tercer a\u00f1o que har\u00e9 la carrera con toda la equipaci\u00f3n. Para nosotros es una motivaci\u00f3n extra en comparaci\u00f3n con otras carreras<\/em>.\u00bb Por su parte, <strong>Susana Cerezo<\/strong> es la presidenta de la Asociaci\u00f3n Cultural y Deportiva de los Bomberos: \u00ab<em>desde la ACE y con todos sus bomberos voluntarios formamos parte de la organizaci\u00f3n de la carrera. Ayudamos a coordinar todo el material necesario para los bomberos de manera previa y el propio d\u00eda de la Carrera.\u00bb<\/em><\/p>\n<p><strong>Doctor Prats, en directo<\/strong><\/p>\n<p>La Cursa Bombers de Barcelona siempre se ha caracterizado por ser una gran fiesta del deporte. Desde la direcci\u00f3n ejecutiva de la prueba se ha querido dar un paso m\u00e1s y hacer la carrera a\u00fan mayor en esta 21\u00aa edici\u00f3n. El grupo de m\u00fasica catal\u00e1n Doctor Prats realizar\u00e1 una actuaci\u00f3n en directo y ser\u00e1 el encargado de dar el disparo de salida de la Cursa Bombers 2019. <strong>Jordi Roquer<\/strong>, CEO de SevenMila, la empresa que realiza la direcci\u00f3n ejecutiva de la prueba, comenta \u00ab<em>quer\u00edamos que fuera una fiesta, que la gente pase una ma\u00f1ana excelente y por eso tendremos un concierto de Doctor Prats durante la previa de la salida y hasta que todos los corredores hayan cruzado la l\u00ednea de salida.\u00bb<\/em><\/p>\n<p><strong>La Cursa Bombers apuesta por los atletas locales<\/strong><\/p>\n<p>Marta Galimany y Marc Alcal\u00e0 son las dos estrellas destacadas de la Cursa Bombers 2019. Ambos fueron los vencedores de la pasada edici\u00f3n y buscar\u00e1n revalidar la victoria el pr\u00f3ximo domingo 27 de octubre. Como explica <strong>Ricard Llorens<\/strong>, de la Agrupaci\u00f3n Atl\u00e9tica de Catalu\u00f1a, \u00ab<em>Marc y Marta, as\u00ed como otros de los atletas de \u00e9lite que vendr\u00e1n son de la Federaci\u00f3n Catalana de Atletismo, por lo que la Carrera busca potenciar los participantes locales.<\/em>\u00bb<\/p>\n<p>La Cursa Bombers mantendr\u00e1 el recorrido r\u00e1pido recuperado el pasado 2016, as\u00ed lo explica <strong>Marta Galimany<\/strong>: \u00ab<em>El circuito es perfecto, lo que puedas perder al inicio subiendo por la Avenida Paralelo luego lo recuperas f\u00e1cilmente por Gran V\u00eda y el tramo final de Via Laietana.<\/em>\u00bb<\/p>\n<p>El cambio de fecha de la Carrera &#8211; del pasado 28 de abril a este mes de octubre &#8211; hace que los atletas se encuentren ahora en una fase de inicio de temporada. Sin embargo, <strong>Marc Alcal\u00e1<\/strong> dice: <em>\u00abquiero intentar repetir la marca del a\u00f1o pasado, que fue muy buena. Fue mi segunda mejor marca personal en 10.000.\u00bb<\/em><\/p>\n<p><strong>Una carrera solidaria y sostenible<\/strong><\/p>\n<p>La Cursa Bombers 2019 ha querido incidir en dos aspectos muy importantes: la solidaridad y la sostenibilidad.<\/p>\n<p>Mediante propuestas diferentes, todos los participantes de la Cursa Bombers pueden aportar su granito de arena, ya sea a la entidad Bomberos Solidarios, C\u00e1ritas o bien para la entidad que cada uno de ellos elija.<\/p>\n<p>Por otra parte, a\u00f1o tras a\u00f1o se ha ido mejorando la sostenibilidad de la carrera. En esta edici\u00f3n y gracias a la colaboraci\u00f3n con Aguas de Barcelona todos los avituallamientos de la prueba contar\u00e1n con vasos compostables con agua de Barcelona, reduciendo as\u00ed el uso de las botellas de pl\u00e1stico.<\/p>\n<h4>Presentaci\u00f3n de la Cursa Bombers 2019<\/h4>\n<p>Las inscripciones estan abiertas hasta el domingo 20\/10. <a href=\"https:\/\/bit.ly\/2AS7xth?fbclid=IwAR3yszjAn4dO2MnemyAXXQX7VlqanF7Cudiq9phquXDuRuU_TNILynrOLPU\" target=\"_blank\" rel=\"noopener nofollow noreferrer\" data-ft=\"{&quot;tn&quot;:&quot;-U&quot;}\" data-lynx-mode=\"async\" data-lynx-uri=\"https:\/\/l.facebook.com\/l.php?u=https%3A%2F%2Fbit.ly%2F2AS7xth%3Ffbclid%3DIwAR3yszjAn4dO2MnemyAXXQX7VlqanF7Cudiq9phquXDuRuU_TNILynrOLPU&amp;h=AT1qkUusGNnuqgBQ8W-WQTKJh4rRFiUeu3MxUNnDHxCrikcpm80t2lsph_34_NrzsDnnSkupOuj8bBcOi79xVICTsnbClSBNQicewN88xQ6Ai1v_NEHkD0-S2__0wfGtOEIxAre3_KQLHcirL42liJ8VhlKGKFVMWGDNDti2pIhYI7_yOOJnH6-ip4plT019Zz_p5kJr1sh-W1_5jXkeeIny7xL1LmLw8vPU3zZOSVBJHfOKrvFnMmBtGQOyI2We_ERQE7_uMKgbmEiGYweFyn_grrhMt4Ddy1DVOyV1ij16Bghuaq7puI-0owfjEH9kSxI3_CsMT3sxMpTwttkLmoWMLz5INNF9DKf9noJx9WWRzFy7vqFVrB38DY8Dk4RMO1xqo1Nj98zy-fFgZdCUWMdEFIJVyOs4ueDOmqyg4P8VGtleAe4pY3tr_OeWjYYu3gRWtznn1HLC9V6pVThL5mLieBGsYbukel9ewiDjo5BnSnWKUFGzbghF1WZDRjtDpH7WMQutMIv04cbh7HSG13LLqYgyHcdOTkNngMs-RXJT6RWnW4KVVmRZBFB6ciF76mj3cxu3czoNkqI-tpAoT1sWB5lucPJd_onowP-ZT2GMEuzz5S34cBZXxSa0jlSAs65mmU95vsTvO9JGJAE\">bit.ly\/2AS7xth<\/a><\/p>\n","protected":false},"excerpt":{"rendered":"<p>Presentaci\u00f3n de la Cursa Bombers 2019 La 21\u00aa edici\u00f3n de la Cursa Bombers de Barcelona llega con novedades, fiesta y con acciones para hacerla m\u00e1s sostenible. Doctor Prats ser\u00e1 el grupo de m\u00fasica que dar\u00e1 el pistoletazo de salida a los cerca de 15.000 corredores que habr\u00e1 en la l\u00ednea de salida con una actuaci\u00f3n [&hellip;]<\/p>\n","protected":false},"author":1,"featured_media":3361,"comment_status":"closed","ping_status":"closed","sticky":false,"template":"","format":"standard","meta":{"_et_pb_use_builder":"","_et_pb_old_content":"","_et_gb_content_width":"","footnotes":""},"categories":[1],"tags":[],"class_list":["post-3363","post","type-post","status-publish","format-standard","has-post-thumbnail","hentry","category-noticias"],"yoast_head":"<!-- This site is optimized with the Yoast SEO plugin v27.2 - https:\/\/yoast.com\/product\/yoast-seo-wordpress\/ -->\n<title>Presentaci\u00f3n de la Cursa Bombers 2019 - Barcelona<\/title>\n<meta name=\"description\" content=\"Presentaci\u00f3n de la Cursa Bombers 2019. La 21\u00aa edici\u00f3n de la Cursa Bombers de Barcelona llega con novedades, fiesta y con acciones.\" \/>\n<meta name=\"robots\" content=\"index, follow, max-snippet:-1, max-image-preview:large, max-video-preview:-1\" \/>\n<link rel=\"canonical\" href=\"https:\/\/cursadebombers.barcelona\/es\/2019\/10\/16\/presentacion-de-la-cursa-bombers-2019\/\" \/>\n<meta property=\"og:locale\" content=\"es_ES\" \/>\n<meta property=\"og:type\" content=\"article\" \/>\n<meta property=\"og:title\" content=\"Presentaci\u00f3n de la Cursa Bombers 2019 - Barcelona\" \/>\n<meta property=\"og:description\" content=\"Presentaci\u00f3n de la Cursa Bombers 2019. La 21\u00aa edici\u00f3n de la Cursa Bombers de Barcelona llega con novedades, fiesta y con acciones.\" \/>\n<meta property=\"og:url\" content=\"https:\/\/cursadebombers.barcelona\/es\/2019\/10\/16\/presentacion-de-la-cursa-bombers-2019\/\" \/>\n<meta property=\"og:site_name\" content=\"Cursa de Bombers\" \/>\n<meta property=\"article:publisher\" content=\"https:\/\/www.facebook.com\/CursadeBombers\/\" \/>\n<meta property=\"article:published_time\" content=\"2019-10-16T13:00:59+00:00\" \/>\n<meta property=\"article:modified_time\" content=\"2019-10-21T09:27:24+00:00\" \/>\n<meta property=\"og:image\" content=\"https:\/\/cursadebombers.barcelona\/wp-content\/uploads\/2019\/10\/rdp-cursa-bombers.jpg\" \/>\n\t<meta property=\"og:image:width\" content=\"1920\" \/>\n\t<meta property=\"og:image:height\" content=\"1280\" \/>\n\t<meta property=\"og:image:type\" content=\"image\/jpeg\" \/>\n<meta name=\"author\" content=\"empiezapori\" \/>\n<meta name=\"twitter:card\" content=\"summary_large_image\" \/>\n<meta name=\"twitter:creator\" content=\"@cursadebombers\" \/>\n<meta name=\"twitter:site\" content=\"@cursadebombers\" \/>\n<meta name=\"twitter:label1\" content=\"Escrito por\" \/>\n\t<meta name=\"twitter:data1\" content=\"empiezapori\" \/>\n\t<meta name=\"twitter:label2\" content=\"Tiempo de lectura\" \/>\n\t<meta name=\"twitter:data2\" content=\"4 minutos\" \/>\n<script type=\"application\/ld+json\" class=\"yoast-schema-graph\">{\"@context\":\"https:\/\/schema.org\",\"@graph\":[{\"@type\":\"Article\",\"@id\":\"https:\/\/cursadebombers.barcelona\/es\/2019\/10\/16\/presentacion-de-la-cursa-bombers-2019\/#article\",\"isPartOf\":{\"@id\":\"https:\/\/cursadebombers.barcelona\/es\/2019\/10\/16\/presentacion-de-la-cursa-bombers-2019\/\"},\"author\":{\"name\":\"empiezapori\",\"@id\":\"https:\/\/cursadebombers.barcelona\/#\/schema\/person\/8f2375d7da4b435c7fbb8fb760df6bfe\"},\"headline\":\"Presentaci\u00f3n de la Cursa Bombers 2019\",\"datePublished\":\"2019-10-16T13:00:59+00:00\",\"dateModified\":\"2019-10-21T09:27:24+00:00\",\"mainEntityOfPage\":{\"@id\":\"https:\/\/cursadebombers.barcelona\/es\/2019\/10\/16\/presentacion-de-la-cursa-bombers-2019\/\"},\"wordCount\":895,\"publisher\":{\"@id\":\"https:\/\/cursadebombers.barcelona\/#organization\"},\"image\":{\"@id\":\"https:\/\/cursadebombers.barcelona\/es\/2019\/10\/16\/presentacion-de-la-cursa-bombers-2019\/#primaryimage\"},\"thumbnailUrl\":\"https:\/\/cursadebombers.barcelona\/wp-content\/uploads\/2019\/10\/rdp-cursa-bombers.jpg\",\"articleSection\":[\"Noticias\"],\"inLanguage\":\"es\"},{\"@type\":\"WebPage\",\"@id\":\"https:\/\/cursadebombers.barcelona\/es\/2019\/10\/16\/presentacion-de-la-cursa-bombers-2019\/\",\"url\":\"https:\/\/cursadebombers.barcelona\/es\/2019\/10\/16\/presentacion-de-la-cursa-bombers-2019\/\",\"name\":\"Presentaci\u00f3n de la Cursa Bombers 2019 - Barcelona\",\"isPartOf\":{\"@id\":\"https:\/\/cursadebombers.barcelona\/#website\"},\"primaryImageOfPage\":{\"@id\":\"https:\/\/cursadebombers.barcelona\/es\/2019\/10\/16\/presentacion-de-la-cursa-bombers-2019\/#primaryimage\"},\"image\":{\"@id\":\"https:\/\/cursadebombers.barcelona\/es\/2019\/10\/16\/presentacion-de-la-cursa-bombers-2019\/#primaryimage\"},\"thumbnailUrl\":\"https:\/\/cursadebombers.barcelona\/wp-content\/uploads\/2019\/10\/rdp-cursa-bombers.jpg\",\"datePublished\":\"2019-10-16T13:00:59+00:00\",\"dateModified\":\"2019-10-21T09:27:24+00:00\",\"description\":\"Presentaci\u00f3n de la Cursa Bombers 2019. La 21\u00aa edici\u00f3n de la Cursa Bombers de Barcelona llega con novedades, fiesta y con acciones.\",\"breadcrumb\":{\"@id\":\"https:\/\/cursadebombers.barcelona\/es\/2019\/10\/16\/presentacion-de-la-cursa-bombers-2019\/#breadcrumb\"},\"inLanguage\":\"es\",\"potentialAction\":[{\"@type\":\"ReadAction\",\"target\":[\"https:\/\/cursadebombers.barcelona\/es\/2019\/10\/16\/presentacion-de-la-cursa-bombers-2019\/\"]}]},{\"@type\":\"ImageObject\",\"inLanguage\":\"es\",\"@id\":\"https:\/\/cursadebombers.barcelona\/es\/2019\/10\/16\/presentacion-de-la-cursa-bombers-2019\/#primaryimage\",\"url\":\"https:\/\/cursadebombers.barcelona\/wp-content\/uploads\/2019\/10\/rdp-cursa-bombers.jpg\",\"contentUrl\":\"https:\/\/cursadebombers.barcelona\/wp-content\/uploads\/2019\/10\/rdp-cursa-bombers.jpg\",\"width\":1920,\"height\":1280,\"caption\":\"Presentaci\u00f3 de la Cursa Bombers 2019\"},{\"@type\":\"BreadcrumbList\",\"@id\":\"https:\/\/cursadebombers.barcelona\/es\/2019\/10\/16\/presentacion-de-la-cursa-bombers-2019\/#breadcrumb\",\"itemListElement\":[{\"@type\":\"ListItem\",\"position\":1,\"name\":\"Inici\",\"item\":\"https:\/\/cursadebombers.barcelona\/\"},{\"@type\":\"ListItem\",\"position\":2,\"name\":\"Presentaci\u00f3n de la Cursa Bombers 2019\"}]},{\"@type\":\"WebSite\",\"@id\":\"https:\/\/cursadebombers.barcelona\/#website\",\"url\":\"https:\/\/cursadebombers.barcelona\/\",\"name\":\"Cursa de Bombers\",\"description\":\"La Cursa dels Bombers de Barcelona.\",\"publisher\":{\"@id\":\"https:\/\/cursadebombers.barcelona\/#organization\"},\"potentialAction\":[{\"@type\":\"SearchAction\",\"target\":{\"@type\":\"EntryPoint\",\"urlTemplate\":\"https:\/\/cursadebombers.barcelona\/?s={search_term_string}\"},\"query-input\":{\"@type\":\"PropertyValueSpecification\",\"valueRequired\":true,\"valueName\":\"search_term_string\"}}],\"inLanguage\":\"es\"},{\"@type\":\"Organization\",\"@id\":\"https:\/\/cursadebombers.barcelona\/#organization\",\"name\":\"Cursa de Bombers\",\"url\":\"https:\/\/cursadebombers.barcelona\/\",\"logo\":{\"@type\":\"ImageObject\",\"inLanguage\":\"es\",\"@id\":\"https:\/\/cursadebombers.barcelona\/#\/schema\/logo\/image\/\",\"url\":\"https:\/\/cursadebombers.barcelona\/wp-content\/uploads\/2025\/06\/logo-cursa-bombers-app.png\",\"contentUrl\":\"https:\/\/cursadebombers.barcelona\/wp-content\/uploads\/2025\/06\/logo-cursa-bombers-app.png\",\"width\":512,\"height\":512,\"caption\":\"Cursa de Bombers\"},\"image\":{\"@id\":\"https:\/\/cursadebombers.barcelona\/#\/schema\/logo\/image\/\"},\"sameAs\":[\"https:\/\/www.facebook.com\/CursadeBombers\/\",\"https:\/\/x.com\/cursadebombers\",\"https:\/\/www.instagram.com\/cursadebombers\/\"]},{\"@type\":\"Person\",\"@id\":\"https:\/\/cursadebombers.barcelona\/#\/schema\/person\/8f2375d7da4b435c7fbb8fb760df6bfe\",\"name\":\"empiezapori\",\"url\":\"https:\/\/cursadebombers.barcelona\/es\/author\/empiezapori\/\"}]}<\/script>\n<!-- \/ Yoast SEO plugin. -->","yoast_head_json":{"title":"Presentaci\u00f3n de la Cursa Bombers 2019 - Barcelona","description":"Presentaci\u00f3n de la Cursa Bombers 2019. La 21\u00aa edici\u00f3n de la Cursa Bombers de Barcelona llega con novedades, fiesta y con acciones.","robots":{"index":"index","follow":"follow","max-snippet":"max-snippet:-1","max-image-preview":"max-image-preview:large","max-video-preview":"max-video-preview:-1"},"canonical":"https:\/\/cursadebombers.barcelona\/es\/2019\/10\/16\/presentacion-de-la-cursa-bombers-2019\/","og_locale":"es_ES","og_type":"article","og_title":"Presentaci\u00f3n de la Cursa Bombers 2019 - Barcelona","og_description":"Presentaci\u00f3n de la Cursa Bombers 2019. La 21\u00aa edici\u00f3n de la Cursa Bombers de Barcelona llega con novedades, fiesta y con acciones.","og_url":"https:\/\/cursadebombers.barcelona\/es\/2019\/10\/16\/presentacion-de-la-cursa-bombers-2019\/","og_site_name":"Cursa de Bombers","article_publisher":"https:\/\/www.facebook.com\/CursadeBombers\/","article_published_time":"2019-10-16T13:00:59+00:00","article_modified_time":"2019-10-21T09:27:24+00:00","og_image":[{"width":1920,"height":1280,"url":"https:\/\/cursadebombers.barcelona\/wp-content\/uploads\/2019\/10\/rdp-cursa-bombers.jpg","type":"image\/jpeg"}],"author":"empiezapori","twitter_card":"summary_large_image","twitter_creator":"@cursadebombers","twitter_site":"@cursadebombers","twitter_misc":{"Escrito por":"empiezapori","Tiempo de lectura":"4 minutos"},"schema":{"@context":"https:\/\/schema.org","@graph":[{"@type":"Article","@id":"https:\/\/cursadebombers.barcelona\/es\/2019\/10\/16\/presentacion-de-la-cursa-bombers-2019\/#article","isPartOf":{"@id":"https:\/\/cursadebombers.barcelona\/es\/2019\/10\/16\/presentacion-de-la-cursa-bombers-2019\/"},"author":{"name":"empiezapori","@id":"https:\/\/cursadebombers.barcelona\/#\/schema\/person\/8f2375d7da4b435c7fbb8fb760df6bfe"},"headline":"Presentaci\u00f3n de la Cursa Bombers 2019","datePublished":"2019-10-16T13:00:59+00:00","dateModified":"2019-10-21T09:27:24+00:00","mainEntityOfPage":{"@id":"https:\/\/cursadebombers.barcelona\/es\/2019\/10\/16\/presentacion-de-la-cursa-bombers-2019\/"},"wordCount":895,"publisher":{"@id":"https:\/\/cursadebombers.barcelona\/#organization"},"image":{"@id":"https:\/\/cursadebombers.barcelona\/es\/2019\/10\/16\/presentacion-de-la-cursa-bombers-2019\/#primaryimage"},"thumbnailUrl":"https:\/\/cursadebombers.barcelona\/wp-content\/uploads\/2019\/10\/rdp-cursa-bombers.jpg","articleSection":["Noticias"],"inLanguage":"es"},{"@type":"WebPage","@id":"https:\/\/cursadebombers.barcelona\/es\/2019\/10\/16\/presentacion-de-la-cursa-bombers-2019\/","url":"https:\/\/cursadebombers.barcelona\/es\/2019\/10\/16\/presentacion-de-la-cursa-bombers-2019\/","name":"Presentaci\u00f3n de la Cursa Bombers 2019 - Barcelona","isPartOf":{"@id":"https:\/\/cursadebombers.barcelona\/#website"},"primaryImageOfPage":{"@id":"https:\/\/cursadebombers.barcelona\/es\/2019\/10\/16\/presentacion-de-la-cursa-bombers-2019\/#primaryimage"},"image":{"@id":"https:\/\/cursadebombers.barcelona\/es\/2019\/10\/16\/presentacion-de-la-cursa-bombers-2019\/#primaryimage"},"thumbnailUrl":"https:\/\/cursadebombers.barcelona\/wp-content\/uploads\/2019\/10\/rdp-cursa-bombers.jpg","datePublished":"2019-10-16T13:00:59+00:00","dateModified":"2019-10-21T09:27:24+00:00","description":"Presentaci\u00f3n de la Cursa Bombers 2019. La 21\u00aa edici\u00f3n de la Cursa Bombers de Barcelona llega con novedades, fiesta y con acciones.","breadcrumb":{"@id":"https:\/\/cursadebombers.barcelona\/es\/2019\/10\/16\/presentacion-de-la-cursa-bombers-2019\/#breadcrumb"},"inLanguage":"es","potentialAction":[{"@type":"ReadAction","target":["https:\/\/cursadebombers.barcelona\/es\/2019\/10\/16\/presentacion-de-la-cursa-bombers-2019\/"]}]},{"@type":"ImageObject","inLanguage":"es","@id":"https:\/\/cursadebombers.barcelona\/es\/2019\/10\/16\/presentacion-de-la-cursa-bombers-2019\/#primaryimage","url":"https:\/\/cursadebombers.barcelona\/wp-content\/uploads\/2019\/10\/rdp-cursa-bombers.jpg","contentUrl":"https:\/\/cursadebombers.barcelona\/wp-content\/uploads\/2019\/10\/rdp-cursa-bombers.jpg","width":1920,"height":1280,"caption":"Presentaci\u00f3 de la Cursa Bombers 2019"},{"@type":"BreadcrumbList","@id":"https:\/\/cursadebombers.barcelona\/es\/2019\/10\/16\/presentacion-de-la-cursa-bombers-2019\/#breadcrumb","itemListElement":[{"@type":"ListItem","position":1,"name":"Inici","item":"https:\/\/cursadebombers.barcelona\/"},{"@type":"ListItem","position":2,"name":"Presentaci\u00f3n de la Cursa Bombers 2019"}]},{"@type":"WebSite","@id":"https:\/\/cursadebombers.barcelona\/#website","url":"https:\/\/cursadebombers.barcelona\/","name":"Cursa de Bombers","description":"La Cursa dels Bombers de Barcelona.","publisher":{"@id":"https:\/\/cursadebombers.barcelona\/#organization"},"potentialAction":[{"@type":"SearchAction","target":{"@type":"EntryPoint","urlTemplate":"https:\/\/cursadebombers.barcelona\/?s={search_term_string}"},"query-input":{"@type":"PropertyValueSpecification","valueRequired":true,"valueName":"search_term_string"}}],"inLanguage":"es"},{"@type":"Organization","@id":"https:\/\/cursadebombers.barcelona\/#organization","name":"Cursa de Bombers","url":"https:\/\/cursadebombers.barcelona\/","logo":{"@type":"ImageObject","inLanguage":"es","@id":"https:\/\/cursadebombers.barcelona\/#\/schema\/logo\/image\/","url":"https:\/\/cursadebombers.barcelona\/wp-content\/uploads\/2025\/06\/logo-cursa-bombers-app.png","contentUrl":"https:\/\/cursadebombers.barcelona\/wp-content\/uploads\/2025\/06\/logo-cursa-bombers-app.png","width":512,"height":512,"caption":"Cursa de Bombers"},"image":{"@id":"https:\/\/cursadebombers.barcelona\/#\/schema\/logo\/image\/"},"sameAs":["https:\/\/www.facebook.com\/CursadeBombers\/","https:\/\/x.com\/cursadebombers","https:\/\/www.instagram.com\/cursadebombers\/"]},{"@type":"Person","@id":"https:\/\/cursadebombers.barcelona\/#\/schema\/person\/8f2375d7da4b435c7fbb8fb760df6bfe","name":"empiezapori","url":"https:\/\/cursadebombers.barcelona\/es\/author\/empiezapori\/"}]}},"_links":{"self":[{"href":"https:\/\/cursadebombers.barcelona\/es\/wp-json\/wp\/v2\/posts\/3363","targetHints":{"allow":["GET"]}}],"collection":[{"href":"https:\/\/cursadebombers.barcelona\/es\/wp-json\/wp\/v2\/posts"}],"about":[{"href":"https:\/\/cursadebombers.barcelona\/es\/wp-json\/wp\/v2\/types\/post"}],"author":[{"embeddable":true,"href":"https:\/\/cursadebombers.barcelona\/es\/wp-json\/wp\/v2\/users\/1"}],"replies":[{"embeddable":true,"href":"https:\/\/cursadebombers.barcelona\/es\/wp-json\/wp\/v2\/comments?post=3363"}],"version-history":[{"count":3,"href":"https:\/\/cursadebombers.barcelona\/es\/wp-json\/wp\/v2\/posts\/3363\/revisions"}],"predecessor-version":[{"id":3471,"href":"https:\/\/cursadebombers.barcelona\/es\/wp-json\/wp\/v2\/posts\/3363\/revisions\/3471"}],"wp:featuredmedia":[{"embeddable":true,"href":"https:\/\/cursadebombers.barcelona\/es\/wp-json\/wp\/v2\/media\/3361"}],"wp:attachment":[{"href":"https:\/\/cursadebombers.barcelona\/es\/wp-json\/wp\/v2\/media?parent=3363"}],"wp:term":[{"taxonomy":"category","embeddable":true,"href":"https:\/\/cursadebombers.barcelona\/es\/wp-json\/wp\/v2\/categories?post=3363"},{"taxonomy":"post_tag","embeddable":true,"href":"https:\/\/cursadebombers.barcelona\/es\/wp-json\/wp\/v2\/tags?post=3363"}],"curies":[{"name":"wp","href":"https:\/\/api.w.org\/{rel}","templated":true}]}}