{"id":2986,"date":"2019-07-13T11:45:25","date_gmt":"2019-07-13T11:45:25","guid":{"rendered":"http:\/\/cursadebombers.barcelona\/?p=2986"},"modified":"2019-09-13T11:47:53","modified_gmt":"2019-09-13T11:47:53","slug":"la-cursa-bombers-y-luanvi-presentan-la-camiseta-2019","status":"publish","type":"post","link":"https:\/\/cursadebombers.barcelona\/es\/2019\/07\/13\/la-cursa-bombers-y-luanvi-presentan-la-camiseta-2019\/","title":{"rendered":"La Cursa Bombers y Luanvi presentan la camiseta 2019"},"content":{"rendered":"<p>La Cursa Bombers presenta una novedad importante para este 2019 de la mano de nuestro patrocinador t\u00e9cnico, <a href=\"https:\/\/www.luanvi.com\/es\/\"><strong>Luanvi<\/strong><\/a>: una camiseta que utiliza la t\u00e9cnica de <strong>sublimaci\u00f3n<\/strong>. As\u00ed pues, este a\u00f1o la camiseta de la Cursa Bombers tendr\u00e1 un dibujo que llenar\u00e1 el 100% de la camiseta.<\/p>\n<p>Esta novedad no es importante s\u00f3lo a nivel de dise\u00f1o sino tambi\u00e9n <strong>t\u00e9cnico<\/strong>, ya que la sublimaci\u00f3n permite imprimir sobre la tela sin tapar el poro de la camiseta haciendo que pueda mantener la transpiraci\u00f3n del tejido manteniendo sus caracter\u00edsticas t\u00e9cnicas intactos.<\/p>\n<p>Se ha trabajado un <strong>dise\u00f1o<\/strong> inspirado en los bomberos de Barcelona, con una imagen que combina unas zapatillas deportivas con el equipo de intervenci\u00f3n de los bomberos y uno de sus camiones.<\/p>\n<p>Se han preparado dos modelos, uno de manga corta (hombres) y uno sin mangas (mujer). La gu\u00eda de tallas se mantendr\u00e1 igual que en la anterior edici\u00f3n, ya que ser\u00e1 el mismo modelo que se us\u00f3 con <strong>Luanvi<\/strong> para la Cursa Bombers 2018.<\/p>\n\n\t\t<style type=\"text\/css\">\n\t\t\t#gallery-1 {\n\t\t\t\tmargin: auto;\n\t\t\t}\n\t\t\t#gallery-1 .gallery-item {\n\t\t\t\tfloat: left;\n\t\t\t\tmargin-top: 10px;\n\t\t\t\ttext-align: center;\n\t\t\t\twidth: 33%;\n\t\t\t}\n\t\t\t#gallery-1 img {\n\t\t\t\tborder: 2px solid #cfcfcf;\n\t\t\t}\n\t\t\t#gallery-1 .gallery-caption {\n\t\t\t\tmargin-left: 0;\n\t\t\t}\n\t\t\t\/* see gallery_shortcode() in wp-includes\/media.php *\/\n\t\t<\/style>\n\t\t<div id='gallery-1' class='gallery galleryid-2986 gallery-columns-3 gallery-size-medium'><dl class='gallery-item'>\n\t\t\t<dt class='gallery-icon portrait'>\n\t\t\t\t<a href='https:\/\/cursadebombers.barcelona\/wp-content\/uploads\/2019\/09\/home_dona.jpg'><img loading=\"lazy\" decoding=\"async\" width=\"200\" height=\"300\" src=\"https:\/\/cursadebombers.barcelona\/wp-content\/uploads\/2019\/09\/home_dona-200x300.jpg\" class=\"attachment-medium size-medium\" alt=\"\" \/><\/a>\n\t\t\t<\/dt><\/dl><dl class='gallery-item'>\n\t\t\t<dt class='gallery-icon portrait'>\n\t\t\t\t<a href='https:\/\/cursadebombers.barcelona\/wp-content\/uploads\/2019\/09\/home_davant.jpg'><img loading=\"lazy\" decoding=\"async\" width=\"200\" height=\"300\" src=\"https:\/\/cursadebombers.barcelona\/wp-content\/uploads\/2019\/09\/home_davant-200x300.jpg\" class=\"attachment-medium size-medium\" alt=\"\" \/><\/a>\n\t\t\t<\/dt><\/dl><dl class='gallery-item'>\n\t\t\t<dt class='gallery-icon portrait'>\n\t\t\t\t<a href='https:\/\/cursadebombers.barcelona\/wp-content\/uploads\/2019\/09\/home_darrere.jpg'><img loading=\"lazy\" decoding=\"async\" width=\"200\" height=\"300\" src=\"https:\/\/cursadebombers.barcelona\/wp-content\/uploads\/2019\/09\/home_darrere-200x300.jpg\" class=\"attachment-medium size-medium\" alt=\"\" \/><\/a>\n\t\t\t<\/dt><\/dl><br style=\"clear: both\" \/><dl class='gallery-item'>\n\t\t\t<dt class='gallery-icon portrait'>\n\t\t\t\t<a href='https:\/\/cursadebombers.barcelona\/wp-content\/uploads\/2019\/09\/dona_davant.jpg'><img loading=\"lazy\" decoding=\"async\" width=\"200\" height=\"300\" src=\"https:\/\/cursadebombers.barcelona\/wp-content\/uploads\/2019\/09\/dona_davant-200x300.jpg\" class=\"attachment-medium size-medium\" alt=\"\" \/><\/a>\n\t\t\t<\/dt><\/dl><dl class='gallery-item'>\n\t\t\t<dt class='gallery-icon portrait'>\n\t\t\t\t<a href='https:\/\/cursadebombers.barcelona\/wp-content\/uploads\/2019\/09\/dona-darrere.jpg'><img loading=\"lazy\" decoding=\"async\" width=\"200\" height=\"300\" src=\"https:\/\/cursadebombers.barcelona\/wp-content\/uploads\/2019\/09\/dona-darrere-200x300.jpg\" class=\"attachment-medium size-medium\" alt=\"\" \/><\/a>\n\t\t\t<\/dt><\/dl>\n\t\t\t<br style='clear: both' \/>\n\t\t<\/div>\n\n","protected":false},"excerpt":{"rendered":"<p>La Cursa Bombers presenta una novedad importante para este 2019 de la mano de nuestro patrocinador t\u00e9cnico, Luanvi: una camiseta que utiliza la t\u00e9cnica de sublimaci\u00f3n. As\u00ed pues, este a\u00f1o la camiseta de la Cursa Bombers tendr\u00e1 un dibujo que llenar\u00e1 el 100% de la camiseta. Esta novedad no es importante s\u00f3lo a nivel de [&hellip;]<\/p>\n","protected":false},"author":1,"featured_media":2973,"comment_status":"closed","ping_status":"closed","sticky":false,"template":"","format":"standard","meta":{"_et_pb_use_builder":"","_et_pb_old_content":"","_et_gb_content_width":"","footnotes":""},"categories":[1],"tags":[],"class_list":["post-2986","post","type-post","status-publish","format-standard","has-post-thumbnail","hentry","category-noticias"],"yoast_head":"<!-- This site is optimized with the Yoast SEO plugin v27.5 - https:\/\/yoast.com\/product\/yoast-seo-wordpress\/ -->\n<title>La Cursa Bombers y Luanvi presentan la camiseta 2019 - Cursa de Bombers<\/title>\n<meta name=\"robots\" content=\"index, follow, max-snippet:-1, max-image-preview:large, max-video-preview:-1\" \/>\n<link rel=\"canonical\" href=\"https:\/\/cursadebombers.barcelona\/2019\/07\/13\/la-cursa-bombers-i-luanvi-presenten-la-samarreta-2019\/\" \/>\n<meta property=\"og:locale\" content=\"es_ES\" \/>\n<meta property=\"og:type\" content=\"article\" \/>\n<meta property=\"og:title\" content=\"La Cursa Bombers y Luanvi presentan la camiseta 2019 - Cursa de Bombers\" \/>\n<meta property=\"og:description\" content=\"La Cursa Bombers presenta una novedad importante para este 2019 de la mano de nuestro patrocinador t\u00e9cnico, Luanvi: una camiseta que utiliza la t\u00e9cnica de sublimaci\u00f3n. As\u00ed pues, este a\u00f1o la camiseta de la Cursa Bombers tendr\u00e1 un dibujo que llenar\u00e1 el 100% de la camiseta. Esta novedad no es importante s\u00f3lo a nivel de [&hellip;]\" \/>\n<meta property=\"og:url\" content=\"https:\/\/cursadebombers.barcelona\/2019\/07\/13\/la-cursa-bombers-i-luanvi-presenten-la-samarreta-2019\/\" \/>\n<meta property=\"og:site_name\" content=\"Cursa de Bombers\" \/>\n<meta property=\"article:publisher\" content=\"https:\/\/www.facebook.com\/CursadeBombers\/\" \/>\n<meta property=\"article:published_time\" content=\"2019-07-13T11:45:25+00:00\" \/>\n<meta property=\"article:modified_time\" content=\"2019-09-13T11:47:53+00:00\" \/>\n<meta property=\"og:image\" content=\"https:\/\/cursadebombers.barcelona\/wp-content\/uploads\/2019\/09\/portada.jpg\" \/>\n\t<meta property=\"og:image:width\" content=\"1920\" \/>\n\t<meta property=\"og:image:height\" content=\"1280\" \/>\n\t<meta property=\"og:image:type\" content=\"image\/jpeg\" \/>\n<meta name=\"author\" content=\"empiezapori\" \/>\n<meta name=\"twitter:card\" content=\"summary_large_image\" \/>\n<meta name=\"twitter:creator\" content=\"@cursadebombers\" \/>\n<meta name=\"twitter:site\" content=\"@cursadebombers\" \/>\n<meta name=\"twitter:label1\" content=\"Escrito por\" \/>\n\t<meta name=\"twitter:data1\" content=\"empiezapori\" \/>\n\t<meta name=\"twitter:label2\" content=\"Tiempo de lectura\" \/>\n\t<meta name=\"twitter:data2\" content=\"1 minuto\" \/>\n<script type=\"application\/ld+json\" class=\"yoast-schema-graph\">{\"@context\":\"https:\\\/\\\/schema.org\",\"@graph\":[{\"@type\":\"Article\",\"@id\":\"https:\\\/\\\/cursadebombers.barcelona\\\/2019\\\/07\\\/13\\\/la-cursa-bombers-i-luanvi-presenten-la-samarreta-2019\\\/#article\",\"isPartOf\":{\"@id\":\"https:\\\/\\\/cursadebombers.barcelona\\\/2019\\\/07\\\/13\\\/la-cursa-bombers-i-luanvi-presenten-la-samarreta-2019\\\/\"},\"author\":{\"name\":\"empiezapori\",\"@id\":\"https:\\\/\\\/cursadebombers.barcelona\\\/#\\\/schema\\\/person\\\/8f2375d7da4b435c7fbb8fb760df6bfe\"},\"headline\":\"La Cursa Bombers y Luanvi presentan la camiseta 2019\",\"datePublished\":\"2019-07-13T11:45:25+00:00\",\"dateModified\":\"2019-09-13T11:47:53+00:00\",\"mainEntityOfPage\":{\"@id\":\"https:\\\/\\\/cursadebombers.barcelona\\\/2019\\\/07\\\/13\\\/la-cursa-bombers-i-luanvi-presenten-la-samarreta-2019\\\/\"},\"wordCount\":190,\"publisher\":{\"@id\":\"https:\\\/\\\/cursadebombers.barcelona\\\/#organization\"},\"image\":{\"@id\":\"https:\\\/\\\/cursadebombers.barcelona\\\/2019\\\/07\\\/13\\\/la-cursa-bombers-i-luanvi-presenten-la-samarreta-2019\\\/#primaryimage\"},\"thumbnailUrl\":\"https:\\\/\\\/cursadebombers.barcelona\\\/wp-content\\\/uploads\\\/2019\\\/09\\\/portada.jpg\",\"articleSection\":[\"Noticias\"],\"inLanguage\":\"es\"},{\"@type\":\"WebPage\",\"@id\":\"https:\\\/\\\/cursadebombers.barcelona\\\/2019\\\/07\\\/13\\\/la-cursa-bombers-i-luanvi-presenten-la-samarreta-2019\\\/\",\"url\":\"https:\\\/\\\/cursadebombers.barcelona\\\/2019\\\/07\\\/13\\\/la-cursa-bombers-i-luanvi-presenten-la-samarreta-2019\\\/\",\"name\":\"La Cursa Bombers y Luanvi presentan la camiseta 2019 - Cursa de Bombers\",\"isPartOf\":{\"@id\":\"https:\\\/\\\/cursadebombers.barcelona\\\/#website\"},\"primaryImageOfPage\":{\"@id\":\"https:\\\/\\\/cursadebombers.barcelona\\\/2019\\\/07\\\/13\\\/la-cursa-bombers-i-luanvi-presenten-la-samarreta-2019\\\/#primaryimage\"},\"image\":{\"@id\":\"https:\\\/\\\/cursadebombers.barcelona\\\/2019\\\/07\\\/13\\\/la-cursa-bombers-i-luanvi-presenten-la-samarreta-2019\\\/#primaryimage\"},\"thumbnailUrl\":\"https:\\\/\\\/cursadebombers.barcelona\\\/wp-content\\\/uploads\\\/2019\\\/09\\\/portada.jpg\",\"datePublished\":\"2019-07-13T11:45:25+00:00\",\"dateModified\":\"2019-09-13T11:47:53+00:00\",\"breadcrumb\":{\"@id\":\"https:\\\/\\\/cursadebombers.barcelona\\\/2019\\\/07\\\/13\\\/la-cursa-bombers-i-luanvi-presenten-la-samarreta-2019\\\/#breadcrumb\"},\"inLanguage\":\"es\",\"potentialAction\":[{\"@type\":\"ReadAction\",\"target\":[\"https:\\\/\\\/cursadebombers.barcelona\\\/2019\\\/07\\\/13\\\/la-cursa-bombers-i-luanvi-presenten-la-samarreta-2019\\\/\"]}]},{\"@type\":\"ImageObject\",\"inLanguage\":\"es\",\"@id\":\"https:\\\/\\\/cursadebombers.barcelona\\\/2019\\\/07\\\/13\\\/la-cursa-bombers-i-luanvi-presenten-la-samarreta-2019\\\/#primaryimage\",\"url\":\"https:\\\/\\\/cursadebombers.barcelona\\\/wp-content\\\/uploads\\\/2019\\\/09\\\/portada.jpg\",\"contentUrl\":\"https:\\\/\\\/cursadebombers.barcelona\\\/wp-content\\\/uploads\\\/2019\\\/09\\\/portada.jpg\",\"width\":1920,\"height\":1280},{\"@type\":\"BreadcrumbList\",\"@id\":\"https:\\\/\\\/cursadebombers.barcelona\\\/2019\\\/07\\\/13\\\/la-cursa-bombers-i-luanvi-presenten-la-samarreta-2019\\\/#breadcrumb\",\"itemListElement\":[{\"@type\":\"ListItem\",\"position\":1,\"name\":\"Inici\",\"item\":\"https:\\\/\\\/cursadebombers.barcelona\\\/\"},{\"@type\":\"ListItem\",\"position\":2,\"name\":\"La Cursa Bombers y Luanvi presentan la camiseta 2019\"}]},{\"@type\":\"WebSite\",\"@id\":\"https:\\\/\\\/cursadebombers.barcelona\\\/#website\",\"url\":\"https:\\\/\\\/cursadebombers.barcelona\\\/\",\"name\":\"Cursa de Bombers\",\"description\":\"La Cursa dels Bombers de Barcelona.\",\"publisher\":{\"@id\":\"https:\\\/\\\/cursadebombers.barcelona\\\/#organization\"},\"potentialAction\":[{\"@type\":\"SearchAction\",\"target\":{\"@type\":\"EntryPoint\",\"urlTemplate\":\"https:\\\/\\\/cursadebombers.barcelona\\\/?s={search_term_string}\"},\"query-input\":{\"@type\":\"PropertyValueSpecification\",\"valueRequired\":true,\"valueName\":\"search_term_string\"}}],\"inLanguage\":\"es\"},{\"@type\":\"Organization\",\"@id\":\"https:\\\/\\\/cursadebombers.barcelona\\\/#organization\",\"name\":\"Cursa de Bombers\",\"url\":\"https:\\\/\\\/cursadebombers.barcelona\\\/\",\"logo\":{\"@type\":\"ImageObject\",\"inLanguage\":\"es\",\"@id\":\"https:\\\/\\\/cursadebombers.barcelona\\\/#\\\/schema\\\/logo\\\/image\\\/\",\"url\":\"https:\\\/\\\/cursadebombers.barcelona\\\/wp-content\\\/uploads\\\/2025\\\/06\\\/logo-cursa-bombers-app.png\",\"contentUrl\":\"https:\\\/\\\/cursadebombers.barcelona\\\/wp-content\\\/uploads\\\/2025\\\/06\\\/logo-cursa-bombers-app.png\",\"width\":512,\"height\":512,\"caption\":\"Cursa de Bombers\"},\"image\":{\"@id\":\"https:\\\/\\\/cursadebombers.barcelona\\\/#\\\/schema\\\/logo\\\/image\\\/\"},\"sameAs\":[\"https:\\\/\\\/www.facebook.com\\\/CursadeBombers\\\/\",\"https:\\\/\\\/x.com\\\/cursadebombers\",\"https:\\\/\\\/www.instagram.com\\\/cursadebombers\\\/\"]},{\"@type\":\"Person\",\"@id\":\"https:\\\/\\\/cursadebombers.barcelona\\\/#\\\/schema\\\/person\\\/8f2375d7da4b435c7fbb8fb760df6bfe\",\"name\":\"empiezapori\",\"url\":\"https:\\\/\\\/cursadebombers.barcelona\\\/es\\\/author\\\/empiezapori\\\/\"}]}<\/script>\n<!-- \/ Yoast SEO plugin. -->","yoast_head_json":{"title":"La Cursa Bombers y Luanvi presentan la camiseta 2019 - Cursa de Bombers","robots":{"index":"index","follow":"follow","max-snippet":"max-snippet:-1","max-image-preview":"max-image-preview:large","max-video-preview":"max-video-preview:-1"},"canonical":"https:\/\/cursadebombers.barcelona\/2019\/07\/13\/la-cursa-bombers-i-luanvi-presenten-la-samarreta-2019\/","og_locale":"es_ES","og_type":"article","og_title":"La Cursa Bombers y Luanvi presentan la camiseta 2019 - Cursa de Bombers","og_description":"La Cursa Bombers presenta una novedad importante para este 2019 de la mano de nuestro patrocinador t\u00e9cnico, Luanvi: una camiseta que utiliza la t\u00e9cnica de sublimaci\u00f3n. As\u00ed pues, este a\u00f1o la camiseta de la Cursa Bombers tendr\u00e1 un dibujo que llenar\u00e1 el 100% de la camiseta. Esta novedad no es importante s\u00f3lo a nivel de [&hellip;]","og_url":"https:\/\/cursadebombers.barcelona\/2019\/07\/13\/la-cursa-bombers-i-luanvi-presenten-la-samarreta-2019\/","og_site_name":"Cursa de Bombers","article_publisher":"https:\/\/www.facebook.com\/CursadeBombers\/","article_published_time":"2019-07-13T11:45:25+00:00","article_modified_time":"2019-09-13T11:47:53+00:00","og_image":[{"width":1920,"height":1280,"url":"https:\/\/cursadebombers.barcelona\/wp-content\/uploads\/2019\/09\/portada.jpg","type":"image\/jpeg"}],"author":"empiezapori","twitter_card":"summary_large_image","twitter_creator":"@cursadebombers","twitter_site":"@cursadebombers","twitter_misc":{"Escrito por":"empiezapori","Tiempo de lectura":"1 minuto"},"schema":{"@context":"https:\/\/schema.org","@graph":[{"@type":"Article","@id":"https:\/\/cursadebombers.barcelona\/2019\/07\/13\/la-cursa-bombers-i-luanvi-presenten-la-samarreta-2019\/#article","isPartOf":{"@id":"https:\/\/cursadebombers.barcelona\/2019\/07\/13\/la-cursa-bombers-i-luanvi-presenten-la-samarreta-2019\/"},"author":{"name":"empiezapori","@id":"https:\/\/cursadebombers.barcelona\/#\/schema\/person\/8f2375d7da4b435c7fbb8fb760df6bfe"},"headline":"La Cursa Bombers y Luanvi presentan la camiseta 2019","datePublished":"2019-07-13T11:45:25+00:00","dateModified":"2019-09-13T11:47:53+00:00","mainEntityOfPage":{"@id":"https:\/\/cursadebombers.barcelona\/2019\/07\/13\/la-cursa-bombers-i-luanvi-presenten-la-samarreta-2019\/"},"wordCount":190,"publisher":{"@id":"https:\/\/cursadebombers.barcelona\/#organization"},"image":{"@id":"https:\/\/cursadebombers.barcelona\/2019\/07\/13\/la-cursa-bombers-i-luanvi-presenten-la-samarreta-2019\/#primaryimage"},"thumbnailUrl":"https:\/\/cursadebombers.barcelona\/wp-content\/uploads\/2019\/09\/portada.jpg","articleSection":["Noticias"],"inLanguage":"es"},{"@type":"WebPage","@id":"https:\/\/cursadebombers.barcelona\/2019\/07\/13\/la-cursa-bombers-i-luanvi-presenten-la-samarreta-2019\/","url":"https:\/\/cursadebombers.barcelona\/2019\/07\/13\/la-cursa-bombers-i-luanvi-presenten-la-samarreta-2019\/","name":"La Cursa Bombers y Luanvi presentan la camiseta 2019 - Cursa de Bombers","isPartOf":{"@id":"https:\/\/cursadebombers.barcelona\/#website"},"primaryImageOfPage":{"@id":"https:\/\/cursadebombers.barcelona\/2019\/07\/13\/la-cursa-bombers-i-luanvi-presenten-la-samarreta-2019\/#primaryimage"},"image":{"@id":"https:\/\/cursadebombers.barcelona\/2019\/07\/13\/la-cursa-bombers-i-luanvi-presenten-la-samarreta-2019\/#primaryimage"},"thumbnailUrl":"https:\/\/cursadebombers.barcelona\/wp-content\/uploads\/2019\/09\/portada.jpg","datePublished":"2019-07-13T11:45:25+00:00","dateModified":"2019-09-13T11:47:53+00:00","breadcrumb":{"@id":"https:\/\/cursadebombers.barcelona\/2019\/07\/13\/la-cursa-bombers-i-luanvi-presenten-la-samarreta-2019\/#breadcrumb"},"inLanguage":"es","potentialAction":[{"@type":"ReadAction","target":["https:\/\/cursadebombers.barcelona\/2019\/07\/13\/la-cursa-bombers-i-luanvi-presenten-la-samarreta-2019\/"]}]},{"@type":"ImageObject","inLanguage":"es","@id":"https:\/\/cursadebombers.barcelona\/2019\/07\/13\/la-cursa-bombers-i-luanvi-presenten-la-samarreta-2019\/#primaryimage","url":"https:\/\/cursadebombers.barcelona\/wp-content\/uploads\/2019\/09\/portada.jpg","contentUrl":"https:\/\/cursadebombers.barcelona\/wp-content\/uploads\/2019\/09\/portada.jpg","width":1920,"height":1280},{"@type":"BreadcrumbList","@id":"https:\/\/cursadebombers.barcelona\/2019\/07\/13\/la-cursa-bombers-i-luanvi-presenten-la-samarreta-2019\/#breadcrumb","itemListElement":[{"@type":"ListItem","position":1,"name":"Inici","item":"https:\/\/cursadebombers.barcelona\/"},{"@type":"ListItem","position":2,"name":"La Cursa Bombers y Luanvi presentan la camiseta 2019"}]},{"@type":"WebSite","@id":"https:\/\/cursadebombers.barcelona\/#website","url":"https:\/\/cursadebombers.barcelona\/","name":"Cursa de Bombers","description":"La Cursa dels Bombers de Barcelona.","publisher":{"@id":"https:\/\/cursadebombers.barcelona\/#organization"},"potentialAction":[{"@type":"SearchAction","target":{"@type":"EntryPoint","urlTemplate":"https:\/\/cursadebombers.barcelona\/?s={search_term_string}"},"query-input":{"@type":"PropertyValueSpecification","valueRequired":true,"valueName":"search_term_string"}}],"inLanguage":"es"},{"@type":"Organization","@id":"https:\/\/cursadebombers.barcelona\/#organization","name":"Cursa de Bombers","url":"https:\/\/cursadebombers.barcelona\/","logo":{"@type":"ImageObject","inLanguage":"es","@id":"https:\/\/cursadebombers.barcelona\/#\/schema\/logo\/image\/","url":"https:\/\/cursadebombers.barcelona\/wp-content\/uploads\/2025\/06\/logo-cursa-bombers-app.png","contentUrl":"https:\/\/cursadebombers.barcelona\/wp-content\/uploads\/2025\/06\/logo-cursa-bombers-app.png","width":512,"height":512,"caption":"Cursa de Bombers"},"image":{"@id":"https:\/\/cursadebombers.barcelona\/#\/schema\/logo\/image\/"},"sameAs":["https:\/\/www.facebook.com\/CursadeBombers\/","https:\/\/x.com\/cursadebombers","https:\/\/www.instagram.com\/cursadebombers\/"]},{"@type":"Person","@id":"https:\/\/cursadebombers.barcelona\/#\/schema\/person\/8f2375d7da4b435c7fbb8fb760df6bfe","name":"empiezapori","url":"https:\/\/cursadebombers.barcelona\/es\/author\/empiezapori\/"}]}},"_links":{"self":[{"href":"https:\/\/cursadebombers.barcelona\/es\/wp-json\/wp\/v2\/posts\/2986","targetHints":{"allow":["GET"]}}],"collection":[{"href":"https:\/\/cursadebombers.barcelona\/es\/wp-json\/wp\/v2\/posts"}],"about":[{"href":"https:\/\/cursadebombers.barcelona\/es\/wp-json\/wp\/v2\/types\/post"}],"author":[{"embeddable":true,"href":"https:\/\/cursadebombers.barcelona\/es\/wp-json\/wp\/v2\/users\/1"}],"replies":[{"embeddable":true,"href":"https:\/\/cursadebombers.barcelona\/es\/wp-json\/wp\/v2\/comments?post=2986"}],"version-history":[{"count":1,"href":"https:\/\/cursadebombers.barcelona\/es\/wp-json\/wp\/v2\/posts\/2986\/revisions"}],"predecessor-version":[{"id":2987,"href":"https:\/\/cursadebombers.barcelona\/es\/wp-json\/wp\/v2\/posts\/2986\/revisions\/2987"}],"wp:featuredmedia":[{"embeddable":true,"href":"https:\/\/cursadebombers.barcelona\/es\/wp-json\/wp\/v2\/media\/2973"}],"wp:attachment":[{"href":"https:\/\/cursadebombers.barcelona\/es\/wp-json\/wp\/v2\/media?parent=2986"}],"wp:term":[{"taxonomy":"category","embeddable":true,"href":"https:\/\/cursadebombers.barcelona\/es\/wp-json\/wp\/v2\/categories?post=2986"},{"taxonomy":"post_tag","embeddable":true,"href":"https:\/\/cursadebombers.barcelona\/es\/wp-json\/wp\/v2\/tags?post=2986"}],"curies":[{"name":"wp","href":"https:\/\/api.w.org\/{rel}","templated":true}]}}