{"id":2081,"date":"2018-04-22T12:42:22","date_gmt":"2018-04-22T12:42:22","guid":{"rendered":"http:\/\/cursadebombers.barcelona\/?p=2081"},"modified":"2018-04-22T12:42:22","modified_gmt":"2018-04-22T12:42:22","slug":"barcelona-celebra-20-anos-de-la-runnerinn-cursa-bombers","status":"publish","type":"post","link":"https:\/\/cursadebombers.barcelona\/es\/2018\/04\/22\/barcelona-celebra-20-anos-de-la-runnerinn-cursa-bombers\/","title":{"rendered":"Barcelona celebra 20 a\u00f1os de la runnerINN Cursa Bombers"},"content":{"rendered":"<p class=\"p1\"><span class=\"s1\"><b>El Bar\u00e7a gana la runnerINN Cursa Bombers: Marc Alcal\u00e0 y Marta Galimany primeros clasificados de la 20\u00aa edici\u00f3n.<\/b><\/span><span class=\"s2\"><b><\/p>\n<p><\/b><\/span><span class=\"s1\"><b>M\u00e1s de 350 bomberos han acompa\u00f1ado a 14.000 corredores a celebrar el vig\u00e9simo aniversario de la carrera m\u00e1s popular de la ciudad.<\/b><\/span><span class=\"s2\"><\/p>\n<p><\/span><span class=\"s3\">Barcelona 22 de abril 2018<\/span><span class=\"s2\"><\/p>\n<p><\/span><span class=\"s1\">Barcelona ha vivido una gran fiesta del deporte para celebrar\u00a0<b>20 a\u00f1os de la runnerINN Cursa Bombers de Barcelona<\/b>. Un total de\u00a0<b>350 bomberos<\/b>, procedentes de Barcelona, la Generalitat, Aena, Andorra, Francia e Italia, han tomado la salida abriendo paso a los\u00a0<b>14.000 corredores y corredoras<\/b>\u00a0que hoy han pisado las calles de la ciudad de Barcelona para conseguir miles de objetivos diferentes: mejorar marca, hacer la primera 10k, disfrutar con los amigos, con la familia, superar retos personales&#8230;<\/span><span class=\"s2\"><\/p>\n<p><\/span><span class=\"s1\">Despu\u00e9s de 20 a\u00f1os, la runnerINN Cursa Bombers de Barcelona ha seguido encendiendo la llama del esp\u00edritu deportivo y popular. Este a\u00f1o, la prueba ha continuado creciendo y la\u00a0<b>participaci\u00f3n<\/b>\u00a0en este 20 aniversario ha\u00a0<b>aumentado un 10%<\/b>. Tambi\u00e9n entre las\u00a0<b>mujeres<\/b>\u00a0que han sido m\u00e1s de un 36% de todos los inscritos, superando la cifra de mujeres de anteriores ediciones.<\/span><span class=\"s2\"><\/p>\n<p><\/span><span class=\"s1\"><b>El Bar\u00e7a gana la runnerINN Cursa Bombers: Marc Alcal\u00e0 y Marta Galimany, los m\u00e1s r\u00e1pidos<\/b><\/span><span class=\"s2\"><\/p>\n<p><\/span><span class=\"s1\">Doble triunfo catal\u00e1n en la 20\u00aa runnerINN Cursa Bombers de Barcelona.\u00a0<b>Marc Alcal\u00e0<\/b>\u00a0ha sido el m\u00e1s r\u00e1pido en cruzar la l\u00ednea de llegada de los 10 kil\u00f3metros con un tiempo de\u00a0<b>29:29<\/b>. Por detr\u00e1s, sus dos compa\u00f1eros del FC Barcelona, <b>Mohamed Zarhouni<\/b>\u00a0(29:33) e\u00a0<b>Ibrahim Ezzaydouni<\/b>\u00a0(29:37).<\/span><span class=\"s2\"><\/p>\n<p><\/span><span class=\"s1\">En categor\u00eda\u00a0<b>femenina<\/b>, la corredora de Valls\u00a0<b>Marta Galimany<\/b>\u00a0se ha llevado su segundo triunfo en esta popular carrera de Barcelona con un tiempo de\u00a0<b>33:54<\/b>.\u00a0<b>M\u00edriam Ortiz<\/b>\u00a0ha sido la segunda chica m\u00e1s r\u00e1pida con 34:20 y la tercera clasificada,\u00a0<b>Janet Becerra<\/b>\u00a0(34:40).<\/span><span class=\"s2\"><\/p>\n<p><\/span><span class=\"s1\">La alcaldesa\u00a0<b>Ada Colau\u00a0<\/b>ha sido la encargada de entregar los\u00a0<b>trofeos<\/b>\u00a0a los ganadores de esta 20\u00aa edici\u00f3n de la\u00a0<b>runnerINN Cursa Bombers de Barcelona<\/b>. A su lado, tambi\u00e9n ha estado presente la comisionada de deportes del Ayuntamiento de Barcelona, <b>Marta Carranza<\/b>.<\/span><span class=\"s2\"><\/p>\n<p><\/span><span class=\"s1\"><b>Celebrando Sant Jordi<\/b><\/span><span class=\"s2\"><\/p>\n<p><\/span><span class=\"s1\">Hoy, un d\u00eda antes de\u00a0<b>Sant Jordi<\/b>, la runnerINN Cursa Bombers de Barcelona tambi\u00e9n ha querido celebrar este d\u00eda tan especial. Los ganadores, de la mano de la\u00a0<b>alcaldesa Ada Colau<\/b>\u00a0y la\u00a0<b>comisionada Marta Carranza<\/b>, y tambi\u00e9n un grupo de corredores se han llevado\u00a0<b>una rosa de Sant Jordi<\/b>\u00a0por parte de los\u00a0<b>Bomberos de Barcelona<\/b>.<\/span><span class=\"s2\"><\/p>\n<p><\/span><span class=\"s1\"><b>La runnerINN Cursa Bombers de Barcelona, una fiesta<\/b><\/span><span class=\"s2\"><\/p>\n<p><\/span><span class=\"s1\">Este domingo la ciudad de Barcelona ha sido una vez m\u00e1s una gran fiesta. Los miles de ciudadanos han podido disfrutar del \u00e9xito organizativo a lo largo de todos los elementos de la runnerINN Cursa Bombers de Barcelona: la feria del corredor, la salida, los 10 kil\u00f3metros, el guardarropa&#8230; La carrera tambi\u00e9n es posible gracias a los m\u00e1s de\u00a0<b>200 voluntarios<\/b>\u00a0que han colaborado durante d\u00edas.<\/span><span class=\"s2\"><\/p>\n<p><\/span><span class=\"s1\">En nombre de la direcci\u00f3n ejecutiva de la\u00a0<b>runnerINN Cursa Bombers de Barcelona<\/b>,\u00a0<b> Jordi Roquer<\/b>, una vez finalizada la carrera ha destacado que\u00a0<i>\u00abhoy hemos podido disfrutar de un gran d\u00eda de deporte con los Bomberos de Barcelona y tambi\u00e9n los 14.000 participantes que nos han acompa\u00f1ado.\u00bb<\/i>\u00a0 Tambi\u00e9n ha querido agradecer a todos los patrocinadores que han apoyado la carrera este a\u00f1o: runnerINN, Luanvi, GAES, CaixaBank, Smart Autolica, Bauhaus, Torrot y dem\u00e1s colaboradores.<\/span><\/p>\n","protected":false},"excerpt":{"rendered":"<p>El Bar\u00e7a gana la runnerINN Cursa Bombers: Marc Alcal\u00e0 y Marta Galimany primeros clasificados de la 20\u00aa edici\u00f3n. M\u00e1s de 350 bomberos han acompa\u00f1ado a 14.000 corredores a celebrar el vig\u00e9simo aniversario de la carrera m\u00e1s popular de la ciudad. Barcelona 22 de abril 2018 Barcelona ha vivido una gran fiesta del deporte para celebrar\u00a020 [&hellip;]<\/p>\n","protected":false},"author":1,"featured_media":2082,"comment_status":"closed","ping_status":"closed","sticky":false,"template":"","format":"standard","meta":{"_et_pb_use_builder":"","_et_pb_old_content":"","_et_gb_content_width":"","footnotes":""},"categories":[1],"tags":[],"class_list":["post-2081","post","type-post","status-publish","format-standard","has-post-thumbnail","hentry","category-noticias"],"yoast_head":"<!-- This site is optimized with the Yoast SEO plugin v27.2 - https:\/\/yoast.com\/product\/yoast-seo-wordpress\/ -->\n<title>Barcelona celebra 20 a\u00f1os de la runnerINN Cursa Bombers - Cursa de Bombers<\/title>\n<meta name=\"robots\" content=\"index, follow, max-snippet:-1, max-image-preview:large, max-video-preview:-1\" \/>\n<link rel=\"canonical\" href=\"https:\/\/cursadebombers.barcelona\/es\/2018\/04\/22\/barcelona-celebra-20-anos-de-la-runnerinn-cursa-bombers\/\" \/>\n<meta property=\"og:locale\" content=\"es_ES\" \/>\n<meta property=\"og:type\" content=\"article\" \/>\n<meta property=\"og:title\" content=\"Barcelona celebra 20 a\u00f1os de la runnerINN Cursa Bombers - Cursa de Bombers\" \/>\n<meta property=\"og:description\" content=\"El Bar\u00e7a gana la runnerINN Cursa Bombers: Marc Alcal\u00e0 y Marta Galimany primeros clasificados de la 20\u00aa edici\u00f3n. M\u00e1s de 350 bomberos han acompa\u00f1ado a 14.000 corredores a celebrar el vig\u00e9simo aniversario de la carrera m\u00e1s popular de la ciudad. Barcelona 22 de abril 2018 Barcelona ha vivido una gran fiesta del deporte para celebrar\u00a020 [&hellip;]\" \/>\n<meta property=\"og:url\" content=\"https:\/\/cursadebombers.barcelona\/es\/2018\/04\/22\/barcelona-celebra-20-anos-de-la-runnerinn-cursa-bombers\/\" \/>\n<meta property=\"og:site_name\" content=\"Cursa de Bombers\" \/>\n<meta property=\"article:publisher\" content=\"https:\/\/www.facebook.com\/CursadeBombers\/\" \/>\n<meta property=\"article:published_time\" content=\"2018-04-22T12:42:22+00:00\" \/>\n<meta property=\"og:image\" content=\"https:\/\/cursadebombers.barcelona\/wp-content\/uploads\/2018\/04\/fotos-web-portada_sortida.jpg\" \/>\n\t<meta property=\"og:image:width\" content=\"5184\" \/>\n\t<meta property=\"og:image:height\" content=\"3456\" \/>\n\t<meta property=\"og:image:type\" content=\"image\/jpeg\" \/>\n<meta name=\"author\" content=\"empiezapori\" \/>\n<meta name=\"twitter:card\" content=\"summary_large_image\" \/>\n<meta name=\"twitter:creator\" content=\"@cursadebombers\" \/>\n<meta name=\"twitter:site\" content=\"@cursadebombers\" \/>\n<meta name=\"twitter:label1\" content=\"Escrito por\" \/>\n\t<meta name=\"twitter:data1\" content=\"empiezapori\" \/>\n\t<meta name=\"twitter:label2\" content=\"Tiempo de lectura\" \/>\n\t<meta name=\"twitter:data2\" content=\"3 minutos\" \/>\n<script type=\"application\/ld+json\" class=\"yoast-schema-graph\">{\"@context\":\"https:\/\/schema.org\",\"@graph\":[{\"@type\":\"Article\",\"@id\":\"https:\/\/cursadebombers.barcelona\/es\/2018\/04\/22\/barcelona-celebra-20-anos-de-la-runnerinn-cursa-bombers\/#article\",\"isPartOf\":{\"@id\":\"https:\/\/cursadebombers.barcelona\/es\/2018\/04\/22\/barcelona-celebra-20-anos-de-la-runnerinn-cursa-bombers\/\"},\"author\":{\"name\":\"empiezapori\",\"@id\":\"https:\/\/cursadebombers.barcelona\/#\/schema\/person\/8f2375d7da4b435c7fbb8fb760df6bfe\"},\"headline\":\"Barcelona celebra 20 a\u00f1os de la runnerINN Cursa Bombers\",\"datePublished\":\"2018-04-22T12:42:22+00:00\",\"mainEntityOfPage\":{\"@id\":\"https:\/\/cursadebombers.barcelona\/es\/2018\/04\/22\/barcelona-celebra-20-anos-de-la-runnerinn-cursa-bombers\/\"},\"wordCount\":573,\"publisher\":{\"@id\":\"https:\/\/cursadebombers.barcelona\/#organization\"},\"image\":{\"@id\":\"https:\/\/cursadebombers.barcelona\/es\/2018\/04\/22\/barcelona-celebra-20-anos-de-la-runnerinn-cursa-bombers\/#primaryimage\"},\"thumbnailUrl\":\"https:\/\/cursadebombers.barcelona\/wp-content\/uploads\/2018\/04\/fotos-web-portada_sortida.jpg\",\"articleSection\":[\"Noticias\"],\"inLanguage\":\"es\"},{\"@type\":\"WebPage\",\"@id\":\"https:\/\/cursadebombers.barcelona\/es\/2018\/04\/22\/barcelona-celebra-20-anos-de-la-runnerinn-cursa-bombers\/\",\"url\":\"https:\/\/cursadebombers.barcelona\/es\/2018\/04\/22\/barcelona-celebra-20-anos-de-la-runnerinn-cursa-bombers\/\",\"name\":\"Barcelona celebra 20 a\u00f1os de la runnerINN Cursa Bombers - Cursa de Bombers\",\"isPartOf\":{\"@id\":\"https:\/\/cursadebombers.barcelona\/#website\"},\"primaryImageOfPage\":{\"@id\":\"https:\/\/cursadebombers.barcelona\/es\/2018\/04\/22\/barcelona-celebra-20-anos-de-la-runnerinn-cursa-bombers\/#primaryimage\"},\"image\":{\"@id\":\"https:\/\/cursadebombers.barcelona\/es\/2018\/04\/22\/barcelona-celebra-20-anos-de-la-runnerinn-cursa-bombers\/#primaryimage\"},\"thumbnailUrl\":\"https:\/\/cursadebombers.barcelona\/wp-content\/uploads\/2018\/04\/fotos-web-portada_sortida.jpg\",\"datePublished\":\"2018-04-22T12:42:22+00:00\",\"breadcrumb\":{\"@id\":\"https:\/\/cursadebombers.barcelona\/es\/2018\/04\/22\/barcelona-celebra-20-anos-de-la-runnerinn-cursa-bombers\/#breadcrumb\"},\"inLanguage\":\"es\",\"potentialAction\":[{\"@type\":\"ReadAction\",\"target\":[\"https:\/\/cursadebombers.barcelona\/es\/2018\/04\/22\/barcelona-celebra-20-anos-de-la-runnerinn-cursa-bombers\/\"]}]},{\"@type\":\"ImageObject\",\"inLanguage\":\"es\",\"@id\":\"https:\/\/cursadebombers.barcelona\/es\/2018\/04\/22\/barcelona-celebra-20-anos-de-la-runnerinn-cursa-bombers\/#primaryimage\",\"url\":\"https:\/\/cursadebombers.barcelona\/wp-content\/uploads\/2018\/04\/fotos-web-portada_sortida.jpg\",\"contentUrl\":\"https:\/\/cursadebombers.barcelona\/wp-content\/uploads\/2018\/04\/fotos-web-portada_sortida.jpg\",\"width\":5184,\"height\":3456},{\"@type\":\"BreadcrumbList\",\"@id\":\"https:\/\/cursadebombers.barcelona\/es\/2018\/04\/22\/barcelona-celebra-20-anos-de-la-runnerinn-cursa-bombers\/#breadcrumb\",\"itemListElement\":[{\"@type\":\"ListItem\",\"position\":1,\"name\":\"Inici\",\"item\":\"https:\/\/cursadebombers.barcelona\/\"},{\"@type\":\"ListItem\",\"position\":2,\"name\":\"Barcelona celebra 20 a\u00f1os de la runnerINN Cursa Bombers\"}]},{\"@type\":\"WebSite\",\"@id\":\"https:\/\/cursadebombers.barcelona\/#website\",\"url\":\"https:\/\/cursadebombers.barcelona\/\",\"name\":\"Cursa de Bombers\",\"description\":\"La Cursa dels Bombers de Barcelona.\",\"publisher\":{\"@id\":\"https:\/\/cursadebombers.barcelona\/#organization\"},\"potentialAction\":[{\"@type\":\"SearchAction\",\"target\":{\"@type\":\"EntryPoint\",\"urlTemplate\":\"https:\/\/cursadebombers.barcelona\/?s={search_term_string}\"},\"query-input\":{\"@type\":\"PropertyValueSpecification\",\"valueRequired\":true,\"valueName\":\"search_term_string\"}}],\"inLanguage\":\"es\"},{\"@type\":\"Organization\",\"@id\":\"https:\/\/cursadebombers.barcelona\/#organization\",\"name\":\"Cursa de Bombers\",\"url\":\"https:\/\/cursadebombers.barcelona\/\",\"logo\":{\"@type\":\"ImageObject\",\"inLanguage\":\"es\",\"@id\":\"https:\/\/cursadebombers.barcelona\/#\/schema\/logo\/image\/\",\"url\":\"https:\/\/cursadebombers.barcelona\/wp-content\/uploads\/2025\/06\/logo-cursa-bombers-app.png\",\"contentUrl\":\"https:\/\/cursadebombers.barcelona\/wp-content\/uploads\/2025\/06\/logo-cursa-bombers-app.png\",\"width\":512,\"height\":512,\"caption\":\"Cursa de Bombers\"},\"image\":{\"@id\":\"https:\/\/cursadebombers.barcelona\/#\/schema\/logo\/image\/\"},\"sameAs\":[\"https:\/\/www.facebook.com\/CursadeBombers\/\",\"https:\/\/x.com\/cursadebombers\",\"https:\/\/www.instagram.com\/cursadebombers\/\"]},{\"@type\":\"Person\",\"@id\":\"https:\/\/cursadebombers.barcelona\/#\/schema\/person\/8f2375d7da4b435c7fbb8fb760df6bfe\",\"name\":\"empiezapori\",\"url\":\"https:\/\/cursadebombers.barcelona\/es\/author\/empiezapori\/\"}]}<\/script>\n<!-- \/ Yoast SEO plugin. -->","yoast_head_json":{"title":"Barcelona celebra 20 a\u00f1os de la runnerINN Cursa Bombers - Cursa de Bombers","robots":{"index":"index","follow":"follow","max-snippet":"max-snippet:-1","max-image-preview":"max-image-preview:large","max-video-preview":"max-video-preview:-1"},"canonical":"https:\/\/cursadebombers.barcelona\/es\/2018\/04\/22\/barcelona-celebra-20-anos-de-la-runnerinn-cursa-bombers\/","og_locale":"es_ES","og_type":"article","og_title":"Barcelona celebra 20 a\u00f1os de la runnerINN Cursa Bombers - Cursa de Bombers","og_description":"El Bar\u00e7a gana la runnerINN Cursa Bombers: Marc Alcal\u00e0 y Marta Galimany primeros clasificados de la 20\u00aa edici\u00f3n. M\u00e1s de 350 bomberos han acompa\u00f1ado a 14.000 corredores a celebrar el vig\u00e9simo aniversario de la carrera m\u00e1s popular de la ciudad. Barcelona 22 de abril 2018 Barcelona ha vivido una gran fiesta del deporte para celebrar\u00a020 [&hellip;]","og_url":"https:\/\/cursadebombers.barcelona\/es\/2018\/04\/22\/barcelona-celebra-20-anos-de-la-runnerinn-cursa-bombers\/","og_site_name":"Cursa de Bombers","article_publisher":"https:\/\/www.facebook.com\/CursadeBombers\/","article_published_time":"2018-04-22T12:42:22+00:00","og_image":[{"width":5184,"height":3456,"url":"https:\/\/cursadebombers.barcelona\/wp-content\/uploads\/2018\/04\/fotos-web-portada_sortida.jpg","type":"image\/jpeg"}],"author":"empiezapori","twitter_card":"summary_large_image","twitter_creator":"@cursadebombers","twitter_site":"@cursadebombers","twitter_misc":{"Escrito por":"empiezapori","Tiempo de lectura":"3 minutos"},"schema":{"@context":"https:\/\/schema.org","@graph":[{"@type":"Article","@id":"https:\/\/cursadebombers.barcelona\/es\/2018\/04\/22\/barcelona-celebra-20-anos-de-la-runnerinn-cursa-bombers\/#article","isPartOf":{"@id":"https:\/\/cursadebombers.barcelona\/es\/2018\/04\/22\/barcelona-celebra-20-anos-de-la-runnerinn-cursa-bombers\/"},"author":{"name":"empiezapori","@id":"https:\/\/cursadebombers.barcelona\/#\/schema\/person\/8f2375d7da4b435c7fbb8fb760df6bfe"},"headline":"Barcelona celebra 20 a\u00f1os de la runnerINN Cursa Bombers","datePublished":"2018-04-22T12:42:22+00:00","mainEntityOfPage":{"@id":"https:\/\/cursadebombers.barcelona\/es\/2018\/04\/22\/barcelona-celebra-20-anos-de-la-runnerinn-cursa-bombers\/"},"wordCount":573,"publisher":{"@id":"https:\/\/cursadebombers.barcelona\/#organization"},"image":{"@id":"https:\/\/cursadebombers.barcelona\/es\/2018\/04\/22\/barcelona-celebra-20-anos-de-la-runnerinn-cursa-bombers\/#primaryimage"},"thumbnailUrl":"https:\/\/cursadebombers.barcelona\/wp-content\/uploads\/2018\/04\/fotos-web-portada_sortida.jpg","articleSection":["Noticias"],"inLanguage":"es"},{"@type":"WebPage","@id":"https:\/\/cursadebombers.barcelona\/es\/2018\/04\/22\/barcelona-celebra-20-anos-de-la-runnerinn-cursa-bombers\/","url":"https:\/\/cursadebombers.barcelona\/es\/2018\/04\/22\/barcelona-celebra-20-anos-de-la-runnerinn-cursa-bombers\/","name":"Barcelona celebra 20 a\u00f1os de la runnerINN Cursa Bombers - Cursa de Bombers","isPartOf":{"@id":"https:\/\/cursadebombers.barcelona\/#website"},"primaryImageOfPage":{"@id":"https:\/\/cursadebombers.barcelona\/es\/2018\/04\/22\/barcelona-celebra-20-anos-de-la-runnerinn-cursa-bombers\/#primaryimage"},"image":{"@id":"https:\/\/cursadebombers.barcelona\/es\/2018\/04\/22\/barcelona-celebra-20-anos-de-la-runnerinn-cursa-bombers\/#primaryimage"},"thumbnailUrl":"https:\/\/cursadebombers.barcelona\/wp-content\/uploads\/2018\/04\/fotos-web-portada_sortida.jpg","datePublished":"2018-04-22T12:42:22+00:00","breadcrumb":{"@id":"https:\/\/cursadebombers.barcelona\/es\/2018\/04\/22\/barcelona-celebra-20-anos-de-la-runnerinn-cursa-bombers\/#breadcrumb"},"inLanguage":"es","potentialAction":[{"@type":"ReadAction","target":["https:\/\/cursadebombers.barcelona\/es\/2018\/04\/22\/barcelona-celebra-20-anos-de-la-runnerinn-cursa-bombers\/"]}]},{"@type":"ImageObject","inLanguage":"es","@id":"https:\/\/cursadebombers.barcelona\/es\/2018\/04\/22\/barcelona-celebra-20-anos-de-la-runnerinn-cursa-bombers\/#primaryimage","url":"https:\/\/cursadebombers.barcelona\/wp-content\/uploads\/2018\/04\/fotos-web-portada_sortida.jpg","contentUrl":"https:\/\/cursadebombers.barcelona\/wp-content\/uploads\/2018\/04\/fotos-web-portada_sortida.jpg","width":5184,"height":3456},{"@type":"BreadcrumbList","@id":"https:\/\/cursadebombers.barcelona\/es\/2018\/04\/22\/barcelona-celebra-20-anos-de-la-runnerinn-cursa-bombers\/#breadcrumb","itemListElement":[{"@type":"ListItem","position":1,"name":"Inici","item":"https:\/\/cursadebombers.barcelona\/"},{"@type":"ListItem","position":2,"name":"Barcelona celebra 20 a\u00f1os de la runnerINN Cursa Bombers"}]},{"@type":"WebSite","@id":"https:\/\/cursadebombers.barcelona\/#website","url":"https:\/\/cursadebombers.barcelona\/","name":"Cursa de Bombers","description":"La Cursa dels Bombers de Barcelona.","publisher":{"@id":"https:\/\/cursadebombers.barcelona\/#organization"},"potentialAction":[{"@type":"SearchAction","target":{"@type":"EntryPoint","urlTemplate":"https:\/\/cursadebombers.barcelona\/?s={search_term_string}"},"query-input":{"@type":"PropertyValueSpecification","valueRequired":true,"valueName":"search_term_string"}}],"inLanguage":"es"},{"@type":"Organization","@id":"https:\/\/cursadebombers.barcelona\/#organization","name":"Cursa de Bombers","url":"https:\/\/cursadebombers.barcelona\/","logo":{"@type":"ImageObject","inLanguage":"es","@id":"https:\/\/cursadebombers.barcelona\/#\/schema\/logo\/image\/","url":"https:\/\/cursadebombers.barcelona\/wp-content\/uploads\/2025\/06\/logo-cursa-bombers-app.png","contentUrl":"https:\/\/cursadebombers.barcelona\/wp-content\/uploads\/2025\/06\/logo-cursa-bombers-app.png","width":512,"height":512,"caption":"Cursa de Bombers"},"image":{"@id":"https:\/\/cursadebombers.barcelona\/#\/schema\/logo\/image\/"},"sameAs":["https:\/\/www.facebook.com\/CursadeBombers\/","https:\/\/x.com\/cursadebombers","https:\/\/www.instagram.com\/cursadebombers\/"]},{"@type":"Person","@id":"https:\/\/cursadebombers.barcelona\/#\/schema\/person\/8f2375d7da4b435c7fbb8fb760df6bfe","name":"empiezapori","url":"https:\/\/cursadebombers.barcelona\/es\/author\/empiezapori\/"}]}},"_links":{"self":[{"href":"https:\/\/cursadebombers.barcelona\/es\/wp-json\/wp\/v2\/posts\/2081","targetHints":{"allow":["GET"]}}],"collection":[{"href":"https:\/\/cursadebombers.barcelona\/es\/wp-json\/wp\/v2\/posts"}],"about":[{"href":"https:\/\/cursadebombers.barcelona\/es\/wp-json\/wp\/v2\/types\/post"}],"author":[{"embeddable":true,"href":"https:\/\/cursadebombers.barcelona\/es\/wp-json\/wp\/v2\/users\/1"}],"replies":[{"embeddable":true,"href":"https:\/\/cursadebombers.barcelona\/es\/wp-json\/wp\/v2\/comments?post=2081"}],"version-history":[{"count":1,"href":"https:\/\/cursadebombers.barcelona\/es\/wp-json\/wp\/v2\/posts\/2081\/revisions"}],"predecessor-version":[{"id":2083,"href":"https:\/\/cursadebombers.barcelona\/es\/wp-json\/wp\/v2\/posts\/2081\/revisions\/2083"}],"wp:featuredmedia":[{"embeddable":true,"href":"https:\/\/cursadebombers.barcelona\/es\/wp-json\/wp\/v2\/media\/2082"}],"wp:attachment":[{"href":"https:\/\/cursadebombers.barcelona\/es\/wp-json\/wp\/v2\/media?parent=2081"}],"wp:term":[{"taxonomy":"category","embeddable":true,"href":"https:\/\/cursadebombers.barcelona\/es\/wp-json\/wp\/v2\/categories?post=2081"},{"taxonomy":"post_tag","embeddable":true,"href":"https:\/\/cursadebombers.barcelona\/es\/wp-json\/wp\/v2\/tags?post=2081"}],"curies":[{"name":"wp","href":"https:\/\/api.w.org\/{rel}","templated":true}]}}