{"id":16173,"date":"2026-01-12T09:47:24","date_gmt":"2026-01-12T09:47:24","guid":{"rendered":"https:\/\/cursadebombers.barcelona\/2026\/01\/12\/records-europeos-de-10-km-en-valenciarecords\/"},"modified":"2026-01-12T09:47:26","modified_gmt":"2026-01-12T09:47:26","slug":"records-europeos-de-10-km-en-valenciarecords","status":"publish","type":"post","link":"https:\/\/cursadebombers.barcelona\/es\/2026\/01\/12\/records-europeos-de-10-km-en-valenciarecords\/","title":{"rendered":"R\u00e9cords europeos de 10\u202fkm en ValenciaR\u00e8cords"},"content":{"rendered":"<p>[et_pb_section fb_built=\u00bb1&#8243; _builder_version=\u00bb4.16&#8243; _module_preset=\u00bbdefault\u00bb global_colors_info=\u00bb{}\u00bb][et_pb_row _builder_version=\u00bb4.16&#8243; _module_preset=\u00bbdefault\u00bb collapsed=\u00bboff\u00bb global_colors_info=\u00bb{}\u00bb][et_pb_column type=\u00bb4_4&#8243; _builder_version=\u00bb4.16&#8243; _module_preset=\u00bbdefault\u00bb global_colors_info=\u00bb{}\u00bb][et_pb_text admin_label=\u00bbText\u00bb _builder_version=\u00bb4.27.4&#8243; _module_preset=\u00bbdefault\u00bb global_colors_info=\u00bb{}\u00bb]<\/p>\n<ul>\n<li aria-level=\"1\"><b>Este fin de semana se han establecido nuevos r\u00e9cords europeos de 10\u202fkm en ruta en la ciudad de Valencia, en el marco de la prueba 10K Valencia Ibercaja by Kiprun. Las condiciones del circuito y la participaci\u00f3n de atletas de alto nivel permitieron lograr marcas muy destacadas tanto en categor\u00eda masculina como femenina.<\/b><\/li>\n<\/ul>\n<p>&nbsp;<br \/>\n[\/et_pb_text][et_pb_text _builder_version=\u00bb4.27.4&#8243; _module_preset=\u00bbdefault\u00bb global_colors_info=\u00bb{}\u00bb]<\/p>\n<p data-start=\"253\" data-end=\"576\">En la prueba masculina, Andreas Almgren consigui\u00f3 un tiempo de 26:45, estableciendo un nuevo r\u00e9cord europeo y confirmando su consistencia en distancias cortas de fondo. En la categor\u00eda femenina, Eilish McColgan bati\u00f3 tambi\u00e9n el r\u00e9cord de Europa con 30:08, mostrando un gran nivel de competici\u00f3n entre las mejores fondistas del continente. <\/p>\n<p data-start=\"578\" data-end=\"932\">En la prueba masculina, Andreas Almgren consigui\u00f3 un tiempo de 26:45, estableciendo un nuevo r\u00e9cord europeo y confirmando su consistencia en distancias cortas de fondo. En la categor\u00eda femenina, Eilish McColgan bati\u00f3 tambi\u00e9n el r\u00e9cord de Europa con 30:08, mostrando un gran nivel de competici\u00f3n entre las mejores fondistas del continente. <\/p>\n<p data-start=\"934\" data-end=\"1101\">Adem\u00e1s, el corredor catal\u00e1n Said Mechaal firm\u00f3 una nueva mejor marca de Espa\u00f1a en 10\u202fkm, con un tiempo de 27:21, mejorando el registro nacional anterior.<\/p>\n<p data-start=\"1103\" data-end=\"1304\">La prueba cont\u00f3 con m\u00e1s de 15.000 participantes y demostr\u00f3 nuevamente el inter\u00e9s creciente por las carreras de 10\u202fkm de alto nivel, as\u00ed como el nivel de los atletas europeos en esta distancia.<\/p>\n<p>[\/et_pb_text][\/et_pb_column][\/et_pb_row][\/et_pb_section]<\/p>\n","protected":false},"excerpt":{"rendered":"<p>Este fin de semana se han establecido nuevos r\u00e9cords europeos de 10\u202fkm en ruta en la ciudad de Valencia, en el marco de la prueba 10K Valencia Ibercaja by Kiprun. Las condiciones del circuito y la participaci\u00f3n de atletas de alto nivel permitieron lograr marcas muy destacadas tanto en categor\u00eda masculina como femenina. &nbsp; En [&hellip;]<\/p>\n","protected":false},"author":4,"featured_media":16167,"comment_status":"closed","ping_status":"closed","sticky":false,"template":"","format":"standard","meta":{"_et_pb_use_builder":"on","_et_pb_old_content":"","_et_gb_content_width":"","footnotes":""},"categories":[1],"tags":[53,181,495,494,17,445],"class_list":["post-16173","post","type-post","status-publish","format-standard","has-post-thumbnail","hentry","category-noticias","tag-10k-es","tag-correr-es","tag-europa","tag-record","tag-running-es","tag-valencia-es"],"yoast_head":"<!-- This site is optimized with the Yoast SEO plugin v27.2 - https:\/\/yoast.com\/product\/yoast-seo-wordpress\/ -->\n<title>R\u00e9cords europeos de 10\u202fkm en Valencia<\/title>\n<meta name=\"description\" content=\"Jornada de records europeos y espa\u00f1oles a Valencia.\" \/>\n<meta name=\"robots\" content=\"index, follow, max-snippet:-1, max-image-preview:large, max-video-preview:-1\" \/>\n<link rel=\"canonical\" href=\"https:\/\/cursadebombers.barcelona\/es\/2026\/01\/12\/records-europeos-de-10-km-en-valenciarecords\/\" \/>\n<meta property=\"og:locale\" content=\"es_ES\" \/>\n<meta property=\"og:type\" content=\"article\" \/>\n<meta property=\"og:title\" content=\"R\u00e9cords europeos de 10\u202fkm en Valencia\" \/>\n<meta property=\"og:description\" content=\"Jornada de records europeos y espa\u00f1oles a Valencia.\" \/>\n<meta property=\"og:url\" content=\"https:\/\/cursadebombers.barcelona\/es\/2026\/01\/12\/records-europeos-de-10-km-en-valenciarecords\/\" \/>\n<meta property=\"og:site_name\" content=\"Cursa de Bombers\" \/>\n<meta property=\"article:publisher\" content=\"https:\/\/www.facebook.com\/CursadeBombers\/\" \/>\n<meta property=\"article:published_time\" content=\"2026-01-12T09:47:24+00:00\" \/>\n<meta property=\"article:modified_time\" content=\"2026-01-12T09:47:26+00:00\" \/>\n<meta property=\"og:image\" content=\"https:\/\/cursadebombers.barcelona\/wp-content\/uploads\/2026\/01\/meta-eilish-scaled-1.jpg\" \/>\n\t<meta property=\"og:image:width\" content=\"2049\" \/>\n\t<meta property=\"og:image:height\" content=\"1366\" \/>\n\t<meta property=\"og:image:type\" content=\"image\/jpeg\" \/>\n<meta name=\"author\" content=\"Toni\" \/>\n<meta name=\"twitter:card\" content=\"summary_large_image\" \/>\n<meta name=\"twitter:creator\" content=\"@cursadebombers\" \/>\n<meta name=\"twitter:site\" content=\"@cursadebombers\" \/>\n<meta name=\"twitter:label1\" content=\"Escrito por\" \/>\n\t<meta name=\"twitter:data1\" content=\"Toni\" \/>\n\t<meta name=\"twitter:label2\" content=\"Tiempo de lectura\" \/>\n\t<meta name=\"twitter:data2\" content=\"2 minutos\" \/>\n<script type=\"application\/ld+json\" class=\"yoast-schema-graph\">{\"@context\":\"https:\/\/schema.org\",\"@graph\":[{\"@type\":\"Article\",\"@id\":\"https:\/\/cursadebombers.barcelona\/es\/2026\/01\/12\/records-europeos-de-10-km-en-valenciarecords\/#article\",\"isPartOf\":{\"@id\":\"https:\/\/cursadebombers.barcelona\/es\/2026\/01\/12\/records-europeos-de-10-km-en-valenciarecords\/\"},\"author\":{\"name\":\"Toni\",\"@id\":\"https:\/\/cursadebombers.barcelona\/#\/schema\/person\/35d4ce676dd5e5d74d5c815d7644a99a\"},\"headline\":\"R\u00e9cords europeos de 10\u202fkm en ValenciaR\u00e8cords\",\"datePublished\":\"2026-01-12T09:47:24+00:00\",\"dateModified\":\"2026-01-12T09:47:26+00:00\",\"mainEntityOfPage\":{\"@id\":\"https:\/\/cursadebombers.barcelona\/es\/2026\/01\/12\/records-europeos-de-10-km-en-valenciarecords\/\"},\"wordCount\":312,\"publisher\":{\"@id\":\"https:\/\/cursadebombers.barcelona\/#organization\"},\"image\":{\"@id\":\"https:\/\/cursadebombers.barcelona\/es\/2026\/01\/12\/records-europeos-de-10-km-en-valenciarecords\/#primaryimage\"},\"thumbnailUrl\":\"https:\/\/cursadebombers.barcelona\/wp-content\/uploads\/2026\/01\/meta-eilish-scaled-1.jpg\",\"keywords\":[\"10k\",\"correr\",\"europa\",\"record\",\"running\",\"valencia\"],\"articleSection\":[\"Noticias\"],\"inLanguage\":\"es\"},{\"@type\":\"WebPage\",\"@id\":\"https:\/\/cursadebombers.barcelona\/es\/2026\/01\/12\/records-europeos-de-10-km-en-valenciarecords\/\",\"url\":\"https:\/\/cursadebombers.barcelona\/es\/2026\/01\/12\/records-europeos-de-10-km-en-valenciarecords\/\",\"name\":\"R\u00e9cords europeos de 10\u202fkm en Valencia\",\"isPartOf\":{\"@id\":\"https:\/\/cursadebombers.barcelona\/#website\"},\"primaryImageOfPage\":{\"@id\":\"https:\/\/cursadebombers.barcelona\/es\/2026\/01\/12\/records-europeos-de-10-km-en-valenciarecords\/#primaryimage\"},\"image\":{\"@id\":\"https:\/\/cursadebombers.barcelona\/es\/2026\/01\/12\/records-europeos-de-10-km-en-valenciarecords\/#primaryimage\"},\"thumbnailUrl\":\"https:\/\/cursadebombers.barcelona\/wp-content\/uploads\/2026\/01\/meta-eilish-scaled-1.jpg\",\"datePublished\":\"2026-01-12T09:47:24+00:00\",\"dateModified\":\"2026-01-12T09:47:26+00:00\",\"description\":\"Jornada de records europeos y espa\u00f1oles a Valencia.\",\"breadcrumb\":{\"@id\":\"https:\/\/cursadebombers.barcelona\/es\/2026\/01\/12\/records-europeos-de-10-km-en-valenciarecords\/#breadcrumb\"},\"inLanguage\":\"es\",\"potentialAction\":[{\"@type\":\"ReadAction\",\"target\":[\"https:\/\/cursadebombers.barcelona\/es\/2026\/01\/12\/records-europeos-de-10-km-en-valenciarecords\/\"]}]},{\"@type\":\"ImageObject\",\"inLanguage\":\"es\",\"@id\":\"https:\/\/cursadebombers.barcelona\/es\/2026\/01\/12\/records-europeos-de-10-km-en-valenciarecords\/#primaryimage\",\"url\":\"https:\/\/cursadebombers.barcelona\/wp-content\/uploads\/2026\/01\/meta-eilish-scaled-1.jpg\",\"contentUrl\":\"https:\/\/cursadebombers.barcelona\/wp-content\/uploads\/2026\/01\/meta-eilish-scaled-1.jpg\",\"width\":2049,\"height\":1366},{\"@type\":\"BreadcrumbList\",\"@id\":\"https:\/\/cursadebombers.barcelona\/es\/2026\/01\/12\/records-europeos-de-10-km-en-valenciarecords\/#breadcrumb\",\"itemListElement\":[{\"@type\":\"ListItem\",\"position\":1,\"name\":\"Inici\",\"item\":\"https:\/\/cursadebombers.barcelona\/\"},{\"@type\":\"ListItem\",\"position\":2,\"name\":\"R\u00e9cords europeos de 10\u202fkm en ValenciaR\u00e8cords\"}]},{\"@type\":\"WebSite\",\"@id\":\"https:\/\/cursadebombers.barcelona\/#website\",\"url\":\"https:\/\/cursadebombers.barcelona\/\",\"name\":\"Cursa de Bombers\",\"description\":\"La Cursa dels Bombers de Barcelona.\",\"publisher\":{\"@id\":\"https:\/\/cursadebombers.barcelona\/#organization\"},\"potentialAction\":[{\"@type\":\"SearchAction\",\"target\":{\"@type\":\"EntryPoint\",\"urlTemplate\":\"https:\/\/cursadebombers.barcelona\/?s={search_term_string}\"},\"query-input\":{\"@type\":\"PropertyValueSpecification\",\"valueRequired\":true,\"valueName\":\"search_term_string\"}}],\"inLanguage\":\"es\"},{\"@type\":\"Organization\",\"@id\":\"https:\/\/cursadebombers.barcelona\/#organization\",\"name\":\"Cursa de Bombers\",\"url\":\"https:\/\/cursadebombers.barcelona\/\",\"logo\":{\"@type\":\"ImageObject\",\"inLanguage\":\"es\",\"@id\":\"https:\/\/cursadebombers.barcelona\/#\/schema\/logo\/image\/\",\"url\":\"https:\/\/cursadebombers.barcelona\/wp-content\/uploads\/2025\/06\/logo-cursa-bombers-app.png\",\"contentUrl\":\"https:\/\/cursadebombers.barcelona\/wp-content\/uploads\/2025\/06\/logo-cursa-bombers-app.png\",\"width\":512,\"height\":512,\"caption\":\"Cursa de Bombers\"},\"image\":{\"@id\":\"https:\/\/cursadebombers.barcelona\/#\/schema\/logo\/image\/\"},\"sameAs\":[\"https:\/\/www.facebook.com\/CursadeBombers\/\",\"https:\/\/x.com\/cursadebombers\",\"https:\/\/www.instagram.com\/cursadebombers\/\"]},{\"@type\":\"Person\",\"@id\":\"https:\/\/cursadebombers.barcelona\/#\/schema\/person\/35d4ce676dd5e5d74d5c815d7644a99a\",\"name\":\"Toni\",\"url\":\"https:\/\/cursadebombers.barcelona\/es\/author\/toni\/\"}]}<\/script>\n<!-- \/ Yoast SEO plugin. -->","yoast_head_json":{"title":"R\u00e9cords europeos de 10\u202fkm en Valencia","description":"Jornada de records europeos y espa\u00f1oles a Valencia.","robots":{"index":"index","follow":"follow","max-snippet":"max-snippet:-1","max-image-preview":"max-image-preview:large","max-video-preview":"max-video-preview:-1"},"canonical":"https:\/\/cursadebombers.barcelona\/es\/2026\/01\/12\/records-europeos-de-10-km-en-valenciarecords\/","og_locale":"es_ES","og_type":"article","og_title":"R\u00e9cords europeos de 10\u202fkm en Valencia","og_description":"Jornada de records europeos y espa\u00f1oles a Valencia.","og_url":"https:\/\/cursadebombers.barcelona\/es\/2026\/01\/12\/records-europeos-de-10-km-en-valenciarecords\/","og_site_name":"Cursa de Bombers","article_publisher":"https:\/\/www.facebook.com\/CursadeBombers\/","article_published_time":"2026-01-12T09:47:24+00:00","article_modified_time":"2026-01-12T09:47:26+00:00","og_image":[{"width":2049,"height":1366,"url":"https:\/\/cursadebombers.barcelona\/wp-content\/uploads\/2026\/01\/meta-eilish-scaled-1.jpg","type":"image\/jpeg"}],"author":"Toni","twitter_card":"summary_large_image","twitter_creator":"@cursadebombers","twitter_site":"@cursadebombers","twitter_misc":{"Escrito por":"Toni","Tiempo de lectura":"2 minutos"},"schema":{"@context":"https:\/\/schema.org","@graph":[{"@type":"Article","@id":"https:\/\/cursadebombers.barcelona\/es\/2026\/01\/12\/records-europeos-de-10-km-en-valenciarecords\/#article","isPartOf":{"@id":"https:\/\/cursadebombers.barcelona\/es\/2026\/01\/12\/records-europeos-de-10-km-en-valenciarecords\/"},"author":{"name":"Toni","@id":"https:\/\/cursadebombers.barcelona\/#\/schema\/person\/35d4ce676dd5e5d74d5c815d7644a99a"},"headline":"R\u00e9cords europeos de 10\u202fkm en ValenciaR\u00e8cords","datePublished":"2026-01-12T09:47:24+00:00","dateModified":"2026-01-12T09:47:26+00:00","mainEntityOfPage":{"@id":"https:\/\/cursadebombers.barcelona\/es\/2026\/01\/12\/records-europeos-de-10-km-en-valenciarecords\/"},"wordCount":312,"publisher":{"@id":"https:\/\/cursadebombers.barcelona\/#organization"},"image":{"@id":"https:\/\/cursadebombers.barcelona\/es\/2026\/01\/12\/records-europeos-de-10-km-en-valenciarecords\/#primaryimage"},"thumbnailUrl":"https:\/\/cursadebombers.barcelona\/wp-content\/uploads\/2026\/01\/meta-eilish-scaled-1.jpg","keywords":["10k","correr","europa","record","running","valencia"],"articleSection":["Noticias"],"inLanguage":"es"},{"@type":"WebPage","@id":"https:\/\/cursadebombers.barcelona\/es\/2026\/01\/12\/records-europeos-de-10-km-en-valenciarecords\/","url":"https:\/\/cursadebombers.barcelona\/es\/2026\/01\/12\/records-europeos-de-10-km-en-valenciarecords\/","name":"R\u00e9cords europeos de 10\u202fkm en Valencia","isPartOf":{"@id":"https:\/\/cursadebombers.barcelona\/#website"},"primaryImageOfPage":{"@id":"https:\/\/cursadebombers.barcelona\/es\/2026\/01\/12\/records-europeos-de-10-km-en-valenciarecords\/#primaryimage"},"image":{"@id":"https:\/\/cursadebombers.barcelona\/es\/2026\/01\/12\/records-europeos-de-10-km-en-valenciarecords\/#primaryimage"},"thumbnailUrl":"https:\/\/cursadebombers.barcelona\/wp-content\/uploads\/2026\/01\/meta-eilish-scaled-1.jpg","datePublished":"2026-01-12T09:47:24+00:00","dateModified":"2026-01-12T09:47:26+00:00","description":"Jornada de records europeos y espa\u00f1oles a Valencia.","breadcrumb":{"@id":"https:\/\/cursadebombers.barcelona\/es\/2026\/01\/12\/records-europeos-de-10-km-en-valenciarecords\/#breadcrumb"},"inLanguage":"es","potentialAction":[{"@type":"ReadAction","target":["https:\/\/cursadebombers.barcelona\/es\/2026\/01\/12\/records-europeos-de-10-km-en-valenciarecords\/"]}]},{"@type":"ImageObject","inLanguage":"es","@id":"https:\/\/cursadebombers.barcelona\/es\/2026\/01\/12\/records-europeos-de-10-km-en-valenciarecords\/#primaryimage","url":"https:\/\/cursadebombers.barcelona\/wp-content\/uploads\/2026\/01\/meta-eilish-scaled-1.jpg","contentUrl":"https:\/\/cursadebombers.barcelona\/wp-content\/uploads\/2026\/01\/meta-eilish-scaled-1.jpg","width":2049,"height":1366},{"@type":"BreadcrumbList","@id":"https:\/\/cursadebombers.barcelona\/es\/2026\/01\/12\/records-europeos-de-10-km-en-valenciarecords\/#breadcrumb","itemListElement":[{"@type":"ListItem","position":1,"name":"Inici","item":"https:\/\/cursadebombers.barcelona\/"},{"@type":"ListItem","position":2,"name":"R\u00e9cords europeos de 10\u202fkm en ValenciaR\u00e8cords"}]},{"@type":"WebSite","@id":"https:\/\/cursadebombers.barcelona\/#website","url":"https:\/\/cursadebombers.barcelona\/","name":"Cursa de Bombers","description":"La Cursa dels Bombers de Barcelona.","publisher":{"@id":"https:\/\/cursadebombers.barcelona\/#organization"},"potentialAction":[{"@type":"SearchAction","target":{"@type":"EntryPoint","urlTemplate":"https:\/\/cursadebombers.barcelona\/?s={search_term_string}"},"query-input":{"@type":"PropertyValueSpecification","valueRequired":true,"valueName":"search_term_string"}}],"inLanguage":"es"},{"@type":"Organization","@id":"https:\/\/cursadebombers.barcelona\/#organization","name":"Cursa de Bombers","url":"https:\/\/cursadebombers.barcelona\/","logo":{"@type":"ImageObject","inLanguage":"es","@id":"https:\/\/cursadebombers.barcelona\/#\/schema\/logo\/image\/","url":"https:\/\/cursadebombers.barcelona\/wp-content\/uploads\/2025\/06\/logo-cursa-bombers-app.png","contentUrl":"https:\/\/cursadebombers.barcelona\/wp-content\/uploads\/2025\/06\/logo-cursa-bombers-app.png","width":512,"height":512,"caption":"Cursa de Bombers"},"image":{"@id":"https:\/\/cursadebombers.barcelona\/#\/schema\/logo\/image\/"},"sameAs":["https:\/\/www.facebook.com\/CursadeBombers\/","https:\/\/x.com\/cursadebombers","https:\/\/www.instagram.com\/cursadebombers\/"]},{"@type":"Person","@id":"https:\/\/cursadebombers.barcelona\/#\/schema\/person\/35d4ce676dd5e5d74d5c815d7644a99a","name":"Toni","url":"https:\/\/cursadebombers.barcelona\/es\/author\/toni\/"}]}},"_links":{"self":[{"href":"https:\/\/cursadebombers.barcelona\/es\/wp-json\/wp\/v2\/posts\/16173","targetHints":{"allow":["GET"]}}],"collection":[{"href":"https:\/\/cursadebombers.barcelona\/es\/wp-json\/wp\/v2\/posts"}],"about":[{"href":"https:\/\/cursadebombers.barcelona\/es\/wp-json\/wp\/v2\/types\/post"}],"author":[{"embeddable":true,"href":"https:\/\/cursadebombers.barcelona\/es\/wp-json\/wp\/v2\/users\/4"}],"replies":[{"embeddable":true,"href":"https:\/\/cursadebombers.barcelona\/es\/wp-json\/wp\/v2\/comments?post=16173"}],"version-history":[{"count":2,"href":"https:\/\/cursadebombers.barcelona\/es\/wp-json\/wp\/v2\/posts\/16173\/revisions"}],"predecessor-version":[{"id":16175,"href":"https:\/\/cursadebombers.barcelona\/es\/wp-json\/wp\/v2\/posts\/16173\/revisions\/16175"}],"wp:featuredmedia":[{"embeddable":true,"href":"https:\/\/cursadebombers.barcelona\/es\/wp-json\/wp\/v2\/media\/16167"}],"wp:attachment":[{"href":"https:\/\/cursadebombers.barcelona\/es\/wp-json\/wp\/v2\/media?parent=16173"}],"wp:term":[{"taxonomy":"category","embeddable":true,"href":"https:\/\/cursadebombers.barcelona\/es\/wp-json\/wp\/v2\/categories?post=16173"},{"taxonomy":"post_tag","embeddable":true,"href":"https:\/\/cursadebombers.barcelona\/es\/wp-json\/wp\/v2\/tags?post=16173"}],"curies":[{"name":"wp","href":"https:\/\/api.w.org\/{rel}","templated":true}]}}