{"id":1570,"date":"2017-11-02T11:20:25","date_gmt":"2017-11-02T11:20:25","guid":{"rendered":"http:\/\/cursadebombers.barcelona\/?p=1570"},"modified":"2017-11-02T11:20:25","modified_gmt":"2017-11-02T11:20:25","slug":"cursa-bombers-barcelona-celebra-su-20o-aniversario","status":"publish","type":"post","link":"https:\/\/cursadebombers.barcelona\/es\/2017\/11\/02\/cursa-bombers-barcelona-celebra-su-20o-aniversario\/","title":{"rendered":"La Cursa Bombers de Barcelona celebra su 20\u00ba aniversario"},"content":{"rendered":"<ul>\n<li><strong>El domingo 22 de abril 2018 la Cursa Bombers de Barcelona celebrar\u00e1 su 20\u00aa edici\u00f3n.\u2028\u2028\u00a0 \u00a0 \u00a0<\/strong><\/li>\n<li><strong>El periodo de inscripciones para la prueba de running m\u00e1s popular de la ciudad condal comienza el jueves 2 de noviembre.\u2028\u00a0<\/strong><\/li>\n<\/ul>\n<p>La <strong>Cursa Bombers de Barcelona<\/strong> llegar\u00e1 el d\u00eda <strong>22 de abril 2018<\/strong> a su <strong>20\u00aa edici\u00f3n<\/strong>. Ser\u00e1 un d\u00eda de celebraci\u00f3n, no s\u00f3lo por la festividad que ya suele ofrecer esta popular carrera sino porque es un aniversario que no puede pasar por alto.<\/p>\n<p>Desde 1999 los bomberos de Barcelona &#8211; y ahora tambi\u00e9n de otras localidades y pa\u00edses &#8211; celebran junto a miles de ciudadanos una jornada de deporte en el mejor de los ambientes. Los bomberos son uno de los conjuntos m\u00e1s queridos por toda la sociedad y poder compartir con ellos un d\u00eda tan singular convierte a la carrera en una de las pruebas de atletismo popular m\u00e1s especiales.<\/p>\n<p><strong>En busca de un nuevo r\u00e9cord<\/strong><\/p>\n<p>Con motivo del <strong>20\u00ba aniversario<\/strong> de la <strong>Cursa Bombers<\/strong> desde la organizaci\u00f3n y evidentemente con la colaboraci\u00f3n de Bombers de Barcelona <strong>se busca alcanzar el r\u00e9cord de bomberos que participen en la cita con el equipo de intervenci\u00f3n<\/strong>. Gran parte de ellos ser\u00e1n bomberos de Barcelona aunque para esta celebraci\u00f3n tambi\u00e9n tomar\u00e1n la salida bomberos de la Generalitat, Aena y otras poblaciones tanto a nivel nacional como internacional.<\/p>\n<p><strong>El recorrido de siempre para volver a los or\u00edgenes<\/strong><\/p>\n<p>El <strong>domingo 22 de abril<\/strong>, justo antes de la celebraci\u00f3n de una de las fiestas catalanas m\u00e1s bonitas como es Sant Jordi, alrededor de <strong>16.000 personas<\/strong> tomar\u00e1n la salida de la Cursa Bombers en la Avinguda Marqu\u00e8s de l\u2019Argentera, justo enfrente de la Estaci\u00f3n de Francia. Un a\u00f1o m\u00e1s, estos participantes recorrer\u00e1n <strong>10 kil\u00f3metros<\/strong> en un trazado circular, con una altimetr\u00eda muy buena para principiantes y tambi\u00e9n para aquellos que quieran alcanzar alg\u00fan objetivo concreto. Todos ellos pasar\u00e1n por lugares tan emblem\u00e1ticos como la estatua de Col\u00f3n o Arco de Triunfo.<\/p>\n<p><strong>Diversi\u00f3n, deporte y emotividad<\/strong><\/p>\n<p>Cualquier reto deportivo contiene por s\u00ed mismo una vertiente de emotividad. En la <strong>Cursa Bombers<\/strong> se combina el esfuerzo con la tenacidad que en el momento de cruzar la meta se convierte en absoluta felicidad, sea cual sea el objetivo marcado por los miles de personas que se unen al reto y especialmente por los principales protagonistas, los bomberos.<\/p>\n<p>Para que esta combinaci\u00f3n pueda llevar al resultado esperado, desde la organizaci\u00f3n se ofrecen todo tipo de actividades como <strong>planes de entrenamientos<\/strong>, <strong>sesiones<\/strong> <strong>presenciales<\/strong> con entrenadores de primer nivel e <strong>influencers<\/strong>, informaci\u00f3n <strong>nutricional<\/strong>, <strong>tips<\/strong> para llegar en plena forma, etc.<\/p>\n<p><strong>Inscripciones ya disponibles<\/strong><\/p>\n<p>Los runners previsores o aquellos que quieran marcarse en su calendario un reto muy especial, ya pueden preparar las zapatillas y salir a tomar las calles para ponerse a punto. <strong>Las inscripciones para la 20\u00aa Cursa Bombers de Barcelona est\u00e1n disponibles desde este jueves 2 de noviembre<\/strong> en <strong><a href=\"http:\/\/bit.ly\/InscripcionsCursaBombers2018\">http:\/\/bit.ly\/InscripcionsCursaBombers2018<\/a><\/strong>.<\/p>\n<p>&nbsp;<\/p>\n","protected":false},"excerpt":{"rendered":"<p>El domingo 22 de abril 2018 la Cursa Bombers de Barcelona celebrar\u00e1 su 20\u00aa edici\u00f3n.\u2028\u2028\u00a0 \u00a0 \u00a0 El periodo de inscripciones para la prueba de running m\u00e1s popular de la ciudad condal comienza el jueves 2 de noviembre.\u2028\u00a0 La Cursa Bombers de Barcelona llegar\u00e1 el d\u00eda 22 de abril 2018 a su 20\u00aa edici\u00f3n. Ser\u00e1 [&hellip;]<\/p>\n","protected":false},"author":1,"featured_media":1562,"comment_status":"closed","ping_status":"closed","sticky":false,"template":"","format":"standard","meta":{"_et_pb_use_builder":"","_et_pb_old_content":"","_et_gb_content_width":"","footnotes":""},"categories":[1],"tags":[13,14,36,56,15,54,17],"class_list":["post-1570","post","type-post","status-publish","format-standard","has-post-thumbnail","hentry","category-noticias","tag-barcelona-es","tag-bombers-es","tag-carrera","tag-correr","tag-cursa-es","tag-cursa-bombers-es","tag-running-es"],"yoast_head":"<!-- This site is optimized with the Yoast SEO plugin v27.5 - https:\/\/yoast.com\/product\/yoast-seo-wordpress\/ -->\n<title>La Cursa Bombers de Barcelona celebra su 20\u00ba aniversario - Cursa de Bombers<\/title>\n<meta name=\"robots\" content=\"index, follow, max-snippet:-1, max-image-preview:large, max-video-preview:-1\" \/>\n<link rel=\"canonical\" href=\"https:\/\/cursadebombers.barcelona\/es\/2017\/11\/02\/cursa-bombers-barcelona-celebra-su-20o-aniversario\/\" \/>\n<meta property=\"og:locale\" content=\"es_ES\" \/>\n<meta property=\"og:type\" content=\"article\" \/>\n<meta property=\"og:title\" content=\"La Cursa Bombers de Barcelona celebra su 20\u00ba aniversario - Cursa de Bombers\" \/>\n<meta property=\"og:description\" content=\"El domingo 22 de abril 2018 la Cursa Bombers de Barcelona celebrar\u00e1 su 20\u00aa edici\u00f3n.\u2028\u2028\u00a0 \u00a0 \u00a0 El periodo de inscripciones para la prueba de running m\u00e1s popular de la ciudad condal comienza el jueves 2 de noviembre.\u2028\u00a0 La Cursa Bombers de Barcelona llegar\u00e1 el d\u00eda 22 de abril 2018 a su 20\u00aa edici\u00f3n. Ser\u00e1 [&hellip;]\" \/>\n<meta property=\"og:url\" content=\"https:\/\/cursadebombers.barcelona\/es\/2017\/11\/02\/cursa-bombers-barcelona-celebra-su-20o-aniversario\/\" \/>\n<meta property=\"og:site_name\" content=\"Cursa de Bombers\" \/>\n<meta property=\"article:publisher\" content=\"https:\/\/www.facebook.com\/CursadeBombers\/\" \/>\n<meta property=\"article:published_time\" content=\"2017-11-02T11:20:25+00:00\" \/>\n<meta property=\"og:image\" content=\"https:\/\/cursadebombers.barcelona\/wp-content\/uploads\/2016\/07\/portada-mobil-1024x683.jpg\" \/>\n\t<meta property=\"og:image:width\" content=\"1024\" \/>\n\t<meta property=\"og:image:height\" content=\"683\" \/>\n\t<meta property=\"og:image:type\" content=\"image\/jpeg\" \/>\n<meta name=\"author\" content=\"empiezapori\" \/>\n<meta name=\"twitter:card\" content=\"summary_large_image\" \/>\n<meta name=\"twitter:creator\" content=\"@cursadebombers\" \/>\n<meta name=\"twitter:site\" content=\"@cursadebombers\" \/>\n<meta name=\"twitter:label1\" content=\"Escrito por\" \/>\n\t<meta name=\"twitter:data1\" content=\"empiezapori\" \/>\n\t<meta name=\"twitter:label2\" content=\"Tiempo de lectura\" \/>\n\t<meta name=\"twitter:data2\" content=\"3 minutos\" \/>\n<script type=\"application\/ld+json\" class=\"yoast-schema-graph\">{\"@context\":\"https:\\\/\\\/schema.org\",\"@graph\":[{\"@type\":\"Article\",\"@id\":\"https:\\\/\\\/cursadebombers.barcelona\\\/es\\\/2017\\\/11\\\/02\\\/cursa-bombers-barcelona-celebra-su-20o-aniversario\\\/#article\",\"isPartOf\":{\"@id\":\"https:\\\/\\\/cursadebombers.barcelona\\\/es\\\/2017\\\/11\\\/02\\\/cursa-bombers-barcelona-celebra-su-20o-aniversario\\\/\"},\"author\":{\"name\":\"empiezapori\",\"@id\":\"https:\\\/\\\/cursadebombers.barcelona\\\/#\\\/schema\\\/person\\\/8f2375d7da4b435c7fbb8fb760df6bfe\"},\"headline\":\"La Cursa Bombers de Barcelona celebra su 20\u00ba aniversario\",\"datePublished\":\"2017-11-02T11:20:25+00:00\",\"mainEntityOfPage\":{\"@id\":\"https:\\\/\\\/cursadebombers.barcelona\\\/es\\\/2017\\\/11\\\/02\\\/cursa-bombers-barcelona-celebra-su-20o-aniversario\\\/\"},\"wordCount\":518,\"publisher\":{\"@id\":\"https:\\\/\\\/cursadebombers.barcelona\\\/#organization\"},\"image\":{\"@id\":\"https:\\\/\\\/cursadebombers.barcelona\\\/es\\\/2017\\\/11\\\/02\\\/cursa-bombers-barcelona-celebra-su-20o-aniversario\\\/#primaryimage\"},\"thumbnailUrl\":\"https:\\\/\\\/cursadebombers.barcelona\\\/wp-content\\\/uploads\\\/2016\\\/07\\\/portada-mobil.jpg\",\"keywords\":[\"barcelona\",\"bombers\",\"carrera\",\"correr\",\"cursa\",\"cursa bombers\",\"running\"],\"articleSection\":[\"Noticias\"],\"inLanguage\":\"es\"},{\"@type\":\"WebPage\",\"@id\":\"https:\\\/\\\/cursadebombers.barcelona\\\/es\\\/2017\\\/11\\\/02\\\/cursa-bombers-barcelona-celebra-su-20o-aniversario\\\/\",\"url\":\"https:\\\/\\\/cursadebombers.barcelona\\\/es\\\/2017\\\/11\\\/02\\\/cursa-bombers-barcelona-celebra-su-20o-aniversario\\\/\",\"name\":\"La Cursa Bombers de Barcelona celebra su 20\u00ba aniversario - Cursa de Bombers\",\"isPartOf\":{\"@id\":\"https:\\\/\\\/cursadebombers.barcelona\\\/#website\"},\"primaryImageOfPage\":{\"@id\":\"https:\\\/\\\/cursadebombers.barcelona\\\/es\\\/2017\\\/11\\\/02\\\/cursa-bombers-barcelona-celebra-su-20o-aniversario\\\/#primaryimage\"},\"image\":{\"@id\":\"https:\\\/\\\/cursadebombers.barcelona\\\/es\\\/2017\\\/11\\\/02\\\/cursa-bombers-barcelona-celebra-su-20o-aniversario\\\/#primaryimage\"},\"thumbnailUrl\":\"https:\\\/\\\/cursadebombers.barcelona\\\/wp-content\\\/uploads\\\/2016\\\/07\\\/portada-mobil.jpg\",\"datePublished\":\"2017-11-02T11:20:25+00:00\",\"breadcrumb\":{\"@id\":\"https:\\\/\\\/cursadebombers.barcelona\\\/es\\\/2017\\\/11\\\/02\\\/cursa-bombers-barcelona-celebra-su-20o-aniversario\\\/#breadcrumb\"},\"inLanguage\":\"es\",\"potentialAction\":[{\"@type\":\"ReadAction\",\"target\":[\"https:\\\/\\\/cursadebombers.barcelona\\\/es\\\/2017\\\/11\\\/02\\\/cursa-bombers-barcelona-celebra-su-20o-aniversario\\\/\"]}]},{\"@type\":\"ImageObject\",\"inLanguage\":\"es\",\"@id\":\"https:\\\/\\\/cursadebombers.barcelona\\\/es\\\/2017\\\/11\\\/02\\\/cursa-bombers-barcelona-celebra-su-20o-aniversario\\\/#primaryimage\",\"url\":\"https:\\\/\\\/cursadebombers.barcelona\\\/wp-content\\\/uploads\\\/2016\\\/07\\\/portada-mobil.jpg\",\"contentUrl\":\"https:\\\/\\\/cursadebombers.barcelona\\\/wp-content\\\/uploads\\\/2016\\\/07\\\/portada-mobil.jpg\",\"width\":2687,\"height\":1791,\"caption\":\"170.507\"},{\"@type\":\"BreadcrumbList\",\"@id\":\"https:\\\/\\\/cursadebombers.barcelona\\\/es\\\/2017\\\/11\\\/02\\\/cursa-bombers-barcelona-celebra-su-20o-aniversario\\\/#breadcrumb\",\"itemListElement\":[{\"@type\":\"ListItem\",\"position\":1,\"name\":\"Inici\",\"item\":\"https:\\\/\\\/cursadebombers.barcelona\\\/\"},{\"@type\":\"ListItem\",\"position\":2,\"name\":\"La Cursa Bombers de Barcelona celebra su 20\u00ba aniversario\"}]},{\"@type\":\"WebSite\",\"@id\":\"https:\\\/\\\/cursadebombers.barcelona\\\/#website\",\"url\":\"https:\\\/\\\/cursadebombers.barcelona\\\/\",\"name\":\"Cursa de Bombers\",\"description\":\"La Cursa dels Bombers de Barcelona.\",\"publisher\":{\"@id\":\"https:\\\/\\\/cursadebombers.barcelona\\\/#organization\"},\"potentialAction\":[{\"@type\":\"SearchAction\",\"target\":{\"@type\":\"EntryPoint\",\"urlTemplate\":\"https:\\\/\\\/cursadebombers.barcelona\\\/?s={search_term_string}\"},\"query-input\":{\"@type\":\"PropertyValueSpecification\",\"valueRequired\":true,\"valueName\":\"search_term_string\"}}],\"inLanguage\":\"es\"},{\"@type\":\"Organization\",\"@id\":\"https:\\\/\\\/cursadebombers.barcelona\\\/#organization\",\"name\":\"Cursa de Bombers\",\"url\":\"https:\\\/\\\/cursadebombers.barcelona\\\/\",\"logo\":{\"@type\":\"ImageObject\",\"inLanguage\":\"es\",\"@id\":\"https:\\\/\\\/cursadebombers.barcelona\\\/#\\\/schema\\\/logo\\\/image\\\/\",\"url\":\"https:\\\/\\\/cursadebombers.barcelona\\\/wp-content\\\/uploads\\\/2025\\\/06\\\/logo-cursa-bombers-app.png\",\"contentUrl\":\"https:\\\/\\\/cursadebombers.barcelona\\\/wp-content\\\/uploads\\\/2025\\\/06\\\/logo-cursa-bombers-app.png\",\"width\":512,\"height\":512,\"caption\":\"Cursa de Bombers\"},\"image\":{\"@id\":\"https:\\\/\\\/cursadebombers.barcelona\\\/#\\\/schema\\\/logo\\\/image\\\/\"},\"sameAs\":[\"https:\\\/\\\/www.facebook.com\\\/CursadeBombers\\\/\",\"https:\\\/\\\/x.com\\\/cursadebombers\",\"https:\\\/\\\/www.instagram.com\\\/cursadebombers\\\/\"]},{\"@type\":\"Person\",\"@id\":\"https:\\\/\\\/cursadebombers.barcelona\\\/#\\\/schema\\\/person\\\/8f2375d7da4b435c7fbb8fb760df6bfe\",\"name\":\"empiezapori\",\"url\":\"https:\\\/\\\/cursadebombers.barcelona\\\/es\\\/author\\\/empiezapori\\\/\"}]}<\/script>\n<!-- \/ Yoast SEO plugin. -->","yoast_head_json":{"title":"La Cursa Bombers de Barcelona celebra su 20\u00ba aniversario - Cursa de Bombers","robots":{"index":"index","follow":"follow","max-snippet":"max-snippet:-1","max-image-preview":"max-image-preview:large","max-video-preview":"max-video-preview:-1"},"canonical":"https:\/\/cursadebombers.barcelona\/es\/2017\/11\/02\/cursa-bombers-barcelona-celebra-su-20o-aniversario\/","og_locale":"es_ES","og_type":"article","og_title":"La Cursa Bombers de Barcelona celebra su 20\u00ba aniversario - Cursa de Bombers","og_description":"El domingo 22 de abril 2018 la Cursa Bombers de Barcelona celebrar\u00e1 su 20\u00aa edici\u00f3n.\u2028\u2028\u00a0 \u00a0 \u00a0 El periodo de inscripciones para la prueba de running m\u00e1s popular de la ciudad condal comienza el jueves 2 de noviembre.\u2028\u00a0 La Cursa Bombers de Barcelona llegar\u00e1 el d\u00eda 22 de abril 2018 a su 20\u00aa edici\u00f3n. Ser\u00e1 [&hellip;]","og_url":"https:\/\/cursadebombers.barcelona\/es\/2017\/11\/02\/cursa-bombers-barcelona-celebra-su-20o-aniversario\/","og_site_name":"Cursa de Bombers","article_publisher":"https:\/\/www.facebook.com\/CursadeBombers\/","article_published_time":"2017-11-02T11:20:25+00:00","og_image":[{"width":1024,"height":683,"url":"https:\/\/cursadebombers.barcelona\/wp-content\/uploads\/2016\/07\/portada-mobil-1024x683.jpg","type":"image\/jpeg"}],"author":"empiezapori","twitter_card":"summary_large_image","twitter_creator":"@cursadebombers","twitter_site":"@cursadebombers","twitter_misc":{"Escrito por":"empiezapori","Tiempo de lectura":"3 minutos"},"schema":{"@context":"https:\/\/schema.org","@graph":[{"@type":"Article","@id":"https:\/\/cursadebombers.barcelona\/es\/2017\/11\/02\/cursa-bombers-barcelona-celebra-su-20o-aniversario\/#article","isPartOf":{"@id":"https:\/\/cursadebombers.barcelona\/es\/2017\/11\/02\/cursa-bombers-barcelona-celebra-su-20o-aniversario\/"},"author":{"name":"empiezapori","@id":"https:\/\/cursadebombers.barcelona\/#\/schema\/person\/8f2375d7da4b435c7fbb8fb760df6bfe"},"headline":"La Cursa Bombers de Barcelona celebra su 20\u00ba aniversario","datePublished":"2017-11-02T11:20:25+00:00","mainEntityOfPage":{"@id":"https:\/\/cursadebombers.barcelona\/es\/2017\/11\/02\/cursa-bombers-barcelona-celebra-su-20o-aniversario\/"},"wordCount":518,"publisher":{"@id":"https:\/\/cursadebombers.barcelona\/#organization"},"image":{"@id":"https:\/\/cursadebombers.barcelona\/es\/2017\/11\/02\/cursa-bombers-barcelona-celebra-su-20o-aniversario\/#primaryimage"},"thumbnailUrl":"https:\/\/cursadebombers.barcelona\/wp-content\/uploads\/2016\/07\/portada-mobil.jpg","keywords":["barcelona","bombers","carrera","correr","cursa","cursa bombers","running"],"articleSection":["Noticias"],"inLanguage":"es"},{"@type":"WebPage","@id":"https:\/\/cursadebombers.barcelona\/es\/2017\/11\/02\/cursa-bombers-barcelona-celebra-su-20o-aniversario\/","url":"https:\/\/cursadebombers.barcelona\/es\/2017\/11\/02\/cursa-bombers-barcelona-celebra-su-20o-aniversario\/","name":"La Cursa Bombers de Barcelona celebra su 20\u00ba aniversario - Cursa de Bombers","isPartOf":{"@id":"https:\/\/cursadebombers.barcelona\/#website"},"primaryImageOfPage":{"@id":"https:\/\/cursadebombers.barcelona\/es\/2017\/11\/02\/cursa-bombers-barcelona-celebra-su-20o-aniversario\/#primaryimage"},"image":{"@id":"https:\/\/cursadebombers.barcelona\/es\/2017\/11\/02\/cursa-bombers-barcelona-celebra-su-20o-aniversario\/#primaryimage"},"thumbnailUrl":"https:\/\/cursadebombers.barcelona\/wp-content\/uploads\/2016\/07\/portada-mobil.jpg","datePublished":"2017-11-02T11:20:25+00:00","breadcrumb":{"@id":"https:\/\/cursadebombers.barcelona\/es\/2017\/11\/02\/cursa-bombers-barcelona-celebra-su-20o-aniversario\/#breadcrumb"},"inLanguage":"es","potentialAction":[{"@type":"ReadAction","target":["https:\/\/cursadebombers.barcelona\/es\/2017\/11\/02\/cursa-bombers-barcelona-celebra-su-20o-aniversario\/"]}]},{"@type":"ImageObject","inLanguage":"es","@id":"https:\/\/cursadebombers.barcelona\/es\/2017\/11\/02\/cursa-bombers-barcelona-celebra-su-20o-aniversario\/#primaryimage","url":"https:\/\/cursadebombers.barcelona\/wp-content\/uploads\/2016\/07\/portada-mobil.jpg","contentUrl":"https:\/\/cursadebombers.barcelona\/wp-content\/uploads\/2016\/07\/portada-mobil.jpg","width":2687,"height":1791,"caption":"170.507"},{"@type":"BreadcrumbList","@id":"https:\/\/cursadebombers.barcelona\/es\/2017\/11\/02\/cursa-bombers-barcelona-celebra-su-20o-aniversario\/#breadcrumb","itemListElement":[{"@type":"ListItem","position":1,"name":"Inici","item":"https:\/\/cursadebombers.barcelona\/"},{"@type":"ListItem","position":2,"name":"La Cursa Bombers de Barcelona celebra su 20\u00ba aniversario"}]},{"@type":"WebSite","@id":"https:\/\/cursadebombers.barcelona\/#website","url":"https:\/\/cursadebombers.barcelona\/","name":"Cursa de Bombers","description":"La Cursa dels Bombers de Barcelona.","publisher":{"@id":"https:\/\/cursadebombers.barcelona\/#organization"},"potentialAction":[{"@type":"SearchAction","target":{"@type":"EntryPoint","urlTemplate":"https:\/\/cursadebombers.barcelona\/?s={search_term_string}"},"query-input":{"@type":"PropertyValueSpecification","valueRequired":true,"valueName":"search_term_string"}}],"inLanguage":"es"},{"@type":"Organization","@id":"https:\/\/cursadebombers.barcelona\/#organization","name":"Cursa de Bombers","url":"https:\/\/cursadebombers.barcelona\/","logo":{"@type":"ImageObject","inLanguage":"es","@id":"https:\/\/cursadebombers.barcelona\/#\/schema\/logo\/image\/","url":"https:\/\/cursadebombers.barcelona\/wp-content\/uploads\/2025\/06\/logo-cursa-bombers-app.png","contentUrl":"https:\/\/cursadebombers.barcelona\/wp-content\/uploads\/2025\/06\/logo-cursa-bombers-app.png","width":512,"height":512,"caption":"Cursa de Bombers"},"image":{"@id":"https:\/\/cursadebombers.barcelona\/#\/schema\/logo\/image\/"},"sameAs":["https:\/\/www.facebook.com\/CursadeBombers\/","https:\/\/x.com\/cursadebombers","https:\/\/www.instagram.com\/cursadebombers\/"]},{"@type":"Person","@id":"https:\/\/cursadebombers.barcelona\/#\/schema\/person\/8f2375d7da4b435c7fbb8fb760df6bfe","name":"empiezapori","url":"https:\/\/cursadebombers.barcelona\/es\/author\/empiezapori\/"}]}},"_links":{"self":[{"href":"https:\/\/cursadebombers.barcelona\/es\/wp-json\/wp\/v2\/posts\/1570","targetHints":{"allow":["GET"]}}],"collection":[{"href":"https:\/\/cursadebombers.barcelona\/es\/wp-json\/wp\/v2\/posts"}],"about":[{"href":"https:\/\/cursadebombers.barcelona\/es\/wp-json\/wp\/v2\/types\/post"}],"author":[{"embeddable":true,"href":"https:\/\/cursadebombers.barcelona\/es\/wp-json\/wp\/v2\/users\/1"}],"replies":[{"embeddable":true,"href":"https:\/\/cursadebombers.barcelona\/es\/wp-json\/wp\/v2\/comments?post=1570"}],"version-history":[{"count":1,"href":"https:\/\/cursadebombers.barcelona\/es\/wp-json\/wp\/v2\/posts\/1570\/revisions"}],"predecessor-version":[{"id":1571,"href":"https:\/\/cursadebombers.barcelona\/es\/wp-json\/wp\/v2\/posts\/1570\/revisions\/1571"}],"wp:featuredmedia":[{"embeddable":true,"href":"https:\/\/cursadebombers.barcelona\/es\/wp-json\/wp\/v2\/media\/1562"}],"wp:attachment":[{"href":"https:\/\/cursadebombers.barcelona\/es\/wp-json\/wp\/v2\/media?parent=1570"}],"wp:term":[{"taxonomy":"category","embeddable":true,"href":"https:\/\/cursadebombers.barcelona\/es\/wp-json\/wp\/v2\/categories?post=1570"},{"taxonomy":"post_tag","embeddable":true,"href":"https:\/\/cursadebombers.barcelona\/es\/wp-json\/wp\/v2\/tags?post=1570"}],"curies":[{"name":"wp","href":"https:\/\/api.w.org\/{rel}","templated":true}]}}