{"id":13332,"date":"2024-11-07T11:18:38","date_gmt":"2024-11-07T11:18:38","guid":{"rendered":"https:\/\/cursadebombers.barcelona\/2024\/11\/07\/aquests-seran-els-carrers-tallats-per-la-vueling-cursa-bombers-barcelona-2024\/"},"modified":"2024-11-07T11:23:37","modified_gmt":"2024-11-07T11:23:37","slug":"aquests-seran-els-carrers-tallats-per-la-vueling-cursa-bombers-barcelona-2024","status":"publish","type":"post","link":"https:\/\/cursadebombers.barcelona\/en\/2024\/11\/07\/aquests-seran-els-carrers-tallats-per-la-vueling-cursa-bombers-barcelona-2024\/","title":{"rendered":"These will be the streets cut by the Vueling Cursa Bombers Barcelona 2024"},"content":{"rendered":"<p>The 10-kilometer race starts and finishes at Paseo de Picasso, and passes through Avinguda del Marqu\u00e8s de l&#8217;Argentera, through the Plan de Palau, Paseo d&#8217;Isabel II, Pla\u00e7a d&#8217;Antonio L\u00f3pez , Paseo de Colom, Pla\u00e7a del Portal de la Pau, Paseo de Josep Carner, Pla\u00e7a de les Drassanes, Avinguda del Paral\u00b7lel, Carrer de Rocafort, Gran Via de les Corts Catalanes, Paseo de Sant Joan and Buenaventura Mu\u00f1oz, \u00c1vila and Pujades streets.<\/p>\n<p><img loading=\"lazy\" decoding=\"async\" class=\"aligncenter wp-image-12123 size-full\" src=\"https:\/\/cursadebombers.barcelona\/wp-content\/uploads\/2024\/09\/RECORREGUT-2024_1920x1080.jpg\" alt=\"\" width=\"1920\" height=\"1080\" srcset=\"https:\/\/cursadebombers.barcelona\/wp-content\/uploads\/2024\/09\/RECORREGUT-2024_1920x1080.jpg 1920w, https:\/\/cursadebombers.barcelona\/wp-content\/uploads\/2024\/09\/RECORREGUT-2024_1920x1080-1280x720.jpg 1280w, https:\/\/cursadebombers.barcelona\/wp-content\/uploads\/2024\/09\/RECORREGUT-2024_1920x1080-980x551.jpg 980w, https:\/\/cursadebombers.barcelona\/wp-content\/uploads\/2024\/09\/RECORREGUT-2024_1920x1080-480x270.jpg 480w\" sizes=\"(min-width: 0px) and (max-width: 480px) 480px, (min-width: 481px) and (max-width: 980px) 980px, (min-width: 981px) and (max-width: 1280px) 1280px, (min-width: 1281px) 1920px, 100vw\" \/><\/p>\n<p>Traffic will be closed throughout the competition and will be restored as the runners pass through each section.<\/p>\n<p>In addition, at 9:00 a.m. on Saturday, the 9th, and on the occasion of the start of the assembly of the departure and arrival facilities, traffic will be cut off on Carrer de Pujades (mountain road), from Roger de Flor to Paseo de Llu\u00eds Companys. From 7:00 a.m. on Sunday, the departure area will be completely isolated, on Carrer de Pujades (both roads) from Wellington to Roger de Flor.<\/p>\n<p>The beginning of the dismantling of the facilities will begin once the race is over. At 1:30 p.m. the dismantling of the departure and arrival arch will finish, and at 5:00 p.m. traffic is expected to be completely normalized.<\/p>\n<h2>Parking lots<\/h2>\n<p>Parking, motorbikes on the sidewalk is prohibited, including in the following locations:<\/p>\n<p>Carrer de Pujades (mountain side), from Roger de Flor to pg. Llu\u00eds Companys; from Friday, 8, at 8:00 p.m., until Sunday, 10, at 5:00 p.m.<br \/>\nCarrer de Pujades (mountain side), from Wellington to Roger de Flor; from Friday, 8, at 8:00 p.m., until Sunday, 10, at 2:00 p.m.<br \/>\nCarrer de Picasso (Llobregat side), from pg. Ascents up to av. Marquess of Argentera; from Saturday, the 9th, at 6:00 a.m., until Sunday, the 10th, at 11:00 a.m.<\/p>\n<p>Vehicles parked on these streets may be removed by the BSM crane service.<\/p>\n<p>In addition, between 8:00 a.m. and 12:00 p.m. on Sunday, vehicles parked in the following locations may not be moved:<\/p>\n<p>Circumvallation (cal\u00e7ada Bes\u00f2s), from Ramon Trias Fargas to av. Marquess of Argentera.<br \/>\nMarqu\u00e8s de l&#8217;Argentera (mountain road), from pg. Picasso to Plan de Palau.<br \/>\nIsabel II (cal\u00e7ada mar), from Palau plan to pl. Idrissa Diallo<br \/>\nColom (mountain road), from pl. Idrissa Diallo to the Rambla.<br \/>\nParallel (Bes\u00f2s side), from pl. Shipyards to Rocafort.<br \/>\nRocafort (both sides), from av. Parallel to Gran Via de les Corts Catalanes.<br \/>\nBuenaventura Mu\u00f1oz (both sides), from pg. Llu\u00eds Companys to Marina.<br \/>\nPallars (both sides), from Marina to \u00c1vila.<br \/>\n\u00c1vila (both sides), from Pallars to pg. climbs<br \/>\nAscents (mountain side), from \u00c1vila to Zamora.<br \/>\nAscents (both sides), from Joan of Austria to Marina.<br \/>\nAscents (mountain side, semi-battery vehicles and motorcycle area), from pg. Llu\u00eds companions until pg. Picasso<br \/>\nWellington (Bes\u00f2s side), from Llull to pg. climbs<\/p>\n<p>Vehicles that may be parked on those streets along the route where parking has not been expressly prohibited will remain immobilized.<\/p>\n<h3>Public transport<\/h3>\n<p>The affected bus lines that will be diverted or their route will be limited are those following: D20, D50, H12, H14, H16, V9, V11, V13, V15, V17, V19, V21, V23, 6, 7, 13, 19, 21, 22, 24, 39, 47, 54, 55, 59, 63, 67, 120, 121, 136 and 141. The red and blue routes of the Tourist Bus will also be affected.<\/p>\n<p>The Bicing stations affected by the race route will be out of service.<\/p>\n<p>To move around the affected area, it is recommended to use the metro. You can reach the start of the race by metro, getting off at Arc de Triomf (L1) or Barceloneta (L4) station.<\/p>\n","protected":false},"excerpt":{"rendered":"<p>The first effects will begin on Friday, the 8th, and at 5:00 p.m. on Sunday, traffic is expected to be fully normalized.<\/p>\n","protected":false},"author":4,"featured_media":13112,"comment_status":"closed","ping_status":"closed","sticky":false,"template":"","format":"standard","meta":{"_et_pb_use_builder":"","_et_pb_old_content":"","_et_gb_content_width":"","footnotes":""},"categories":[172],"tags":[],"class_list":["post-13332","post","type-post","status-publish","format-standard","has-post-thumbnail","hentry","category-sin-categorizar"],"yoast_head":"<!-- This site is optimized with the Yoast SEO plugin v27.2 - https:\/\/yoast.com\/product\/yoast-seo-wordpress\/ -->\n<title>These will be the streets cut by the Vueling Cursa Bombers Barcelona 2024 - Cursa de Bombers<\/title>\n<meta name=\"description\" content=\"The first effects will begin on Friday, the 8th, and at 5:00 p.m. on Sunday, traffic is expected to be fully normalized. This year, it is estimated that 453 firemen will participate, 223 of whom are from the Barcelona Fire Department.\" \/>\n<meta name=\"robots\" content=\"index, follow, max-snippet:-1, max-image-preview:large, max-video-preview:-1\" \/>\n<link rel=\"canonical\" href=\"https:\/\/cursadebombers.barcelona\/en\/2024\/11\/07\/aquests-seran-els-carrers-tallats-per-la-vueling-cursa-bombers-barcelona-2024\/\" \/>\n<meta property=\"og:locale\" content=\"en_US\" \/>\n<meta property=\"og:type\" content=\"article\" \/>\n<meta property=\"og:title\" content=\"These will be the streets cut by the Vueling Cursa Bombers Barcelona 2024 - Cursa de Bombers\" \/>\n<meta property=\"og:description\" content=\"The first effects will begin on Friday, the 8th, and at 5:00 p.m. on Sunday, traffic is expected to be fully normalized. This year, it is estimated that 453 firemen will participate, 223 of whom are from the Barcelona Fire Department.\" \/>\n<meta property=\"og:url\" content=\"https:\/\/cursadebombers.barcelona\/en\/2024\/11\/07\/aquests-seran-els-carrers-tallats-per-la-vueling-cursa-bombers-barcelona-2024\/\" \/>\n<meta property=\"og:site_name\" content=\"Cursa de Bombers\" \/>\n<meta property=\"article:publisher\" content=\"https:\/\/www.facebook.com\/CursadeBombers\/\" \/>\n<meta property=\"article:published_time\" content=\"2024-11-07T11:18:38+00:00\" \/>\n<meta property=\"article:modified_time\" content=\"2024-11-07T11:23:37+00:00\" \/>\n<meta property=\"og:image\" content=\"https:\/\/cursadebombers.barcelona\/wp-content\/uploads\/2024\/10\/53279492433_886ff666cb_k.jpg\" \/>\n\t<meta property=\"og:image:width\" content=\"2048\" \/>\n\t<meta property=\"og:image:height\" content=\"1384\" \/>\n\t<meta property=\"og:image:type\" content=\"image\/jpeg\" \/>\n<meta name=\"author\" content=\"Toni\" \/>\n<meta name=\"twitter:card\" content=\"summary_large_image\" \/>\n<meta name=\"twitter:creator\" content=\"@cursadebombers\" \/>\n<meta name=\"twitter:site\" content=\"@cursadebombers\" \/>\n<meta name=\"twitter:label1\" content=\"Written by\" \/>\n\t<meta name=\"twitter:data1\" content=\"Toni\" \/>\n\t<meta name=\"twitter:label2\" content=\"Est. reading time\" \/>\n\t<meta name=\"twitter:data2\" content=\"4 minutes\" \/>\n<script type=\"application\/ld+json\" class=\"yoast-schema-graph\">{\"@context\":\"https:\/\/schema.org\",\"@graph\":[{\"@type\":\"Article\",\"@id\":\"https:\/\/cursadebombers.barcelona\/en\/2024\/11\/07\/aquests-seran-els-carrers-tallats-per-la-vueling-cursa-bombers-barcelona-2024\/#article\",\"isPartOf\":{\"@id\":\"https:\/\/cursadebombers.barcelona\/en\/2024\/11\/07\/aquests-seran-els-carrers-tallats-per-la-vueling-cursa-bombers-barcelona-2024\/\"},\"author\":{\"name\":\"Toni\",\"@id\":\"https:\/\/cursadebombers.barcelona\/#\/schema\/person\/35d4ce676dd5e5d74d5c815d7644a99a\"},\"headline\":\"These will be the streets cut by the Vueling Cursa Bombers Barcelona 2024\",\"datePublished\":\"2024-11-07T11:18:38+00:00\",\"dateModified\":\"2024-11-07T11:23:37+00:00\",\"mainEntityOfPage\":{\"@id\":\"https:\/\/cursadebombers.barcelona\/en\/2024\/11\/07\/aquests-seran-els-carrers-tallats-per-la-vueling-cursa-bombers-barcelona-2024\/\"},\"wordCount\":592,\"publisher\":{\"@id\":\"https:\/\/cursadebombers.barcelona\/#organization\"},\"image\":{\"@id\":\"https:\/\/cursadebombers.barcelona\/en\/2024\/11\/07\/aquests-seran-els-carrers-tallats-per-la-vueling-cursa-bombers-barcelona-2024\/#primaryimage\"},\"thumbnailUrl\":\"https:\/\/cursadebombers.barcelona\/wp-content\/uploads\/2024\/10\/53279492433_886ff666cb_k.jpg\",\"articleSection\":[\"Sin categorizar\"],\"inLanguage\":\"en-US\"},{\"@type\":\"WebPage\",\"@id\":\"https:\/\/cursadebombers.barcelona\/en\/2024\/11\/07\/aquests-seran-els-carrers-tallats-per-la-vueling-cursa-bombers-barcelona-2024\/\",\"url\":\"https:\/\/cursadebombers.barcelona\/en\/2024\/11\/07\/aquests-seran-els-carrers-tallats-per-la-vueling-cursa-bombers-barcelona-2024\/\",\"name\":\"These will be the streets cut by the Vueling Cursa Bombers Barcelona 2024 - Cursa de Bombers\",\"isPartOf\":{\"@id\":\"https:\/\/cursadebombers.barcelona\/#website\"},\"primaryImageOfPage\":{\"@id\":\"https:\/\/cursadebombers.barcelona\/en\/2024\/11\/07\/aquests-seran-els-carrers-tallats-per-la-vueling-cursa-bombers-barcelona-2024\/#primaryimage\"},\"image\":{\"@id\":\"https:\/\/cursadebombers.barcelona\/en\/2024\/11\/07\/aquests-seran-els-carrers-tallats-per-la-vueling-cursa-bombers-barcelona-2024\/#primaryimage\"},\"thumbnailUrl\":\"https:\/\/cursadebombers.barcelona\/wp-content\/uploads\/2024\/10\/53279492433_886ff666cb_k.jpg\",\"datePublished\":\"2024-11-07T11:18:38+00:00\",\"dateModified\":\"2024-11-07T11:23:37+00:00\",\"description\":\"The first effects will begin on Friday, the 8th, and at 5:00 p.m. on Sunday, traffic is expected to be fully normalized. This year, it is estimated that 453 firemen will participate, 223 of whom are from the Barcelona Fire Department.\",\"breadcrumb\":{\"@id\":\"https:\/\/cursadebombers.barcelona\/en\/2024\/11\/07\/aquests-seran-els-carrers-tallats-per-la-vueling-cursa-bombers-barcelona-2024\/#breadcrumb\"},\"inLanguage\":\"en-US\",\"potentialAction\":[{\"@type\":\"ReadAction\",\"target\":[\"https:\/\/cursadebombers.barcelona\/en\/2024\/11\/07\/aquests-seran-els-carrers-tallats-per-la-vueling-cursa-bombers-barcelona-2024\/\"]}]},{\"@type\":\"ImageObject\",\"inLanguage\":\"en-US\",\"@id\":\"https:\/\/cursadebombers.barcelona\/en\/2024\/11\/07\/aquests-seran-els-carrers-tallats-per-la-vueling-cursa-bombers-barcelona-2024\/#primaryimage\",\"url\":\"https:\/\/cursadebombers.barcelona\/wp-content\/uploads\/2024\/10\/53279492433_886ff666cb_k.jpg\",\"contentUrl\":\"https:\/\/cursadebombers.barcelona\/wp-content\/uploads\/2024\/10\/53279492433_886ff666cb_k.jpg\",\"width\":2048,\"height\":1384},{\"@type\":\"BreadcrumbList\",\"@id\":\"https:\/\/cursadebombers.barcelona\/en\/2024\/11\/07\/aquests-seran-els-carrers-tallats-per-la-vueling-cursa-bombers-barcelona-2024\/#breadcrumb\",\"itemListElement\":[{\"@type\":\"ListItem\",\"position\":1,\"name\":\"Inici\",\"item\":\"https:\/\/cursadebombers.barcelona\/\"},{\"@type\":\"ListItem\",\"position\":2,\"name\":\"These will be the streets cut by the Vueling Cursa Bombers Barcelona 2024\"}]},{\"@type\":\"WebSite\",\"@id\":\"https:\/\/cursadebombers.barcelona\/#website\",\"url\":\"https:\/\/cursadebombers.barcelona\/\",\"name\":\"Cursa de Bombers\",\"description\":\"La Cursa dels Bombers de Barcelona.\",\"publisher\":{\"@id\":\"https:\/\/cursadebombers.barcelona\/#organization\"},\"potentialAction\":[{\"@type\":\"SearchAction\",\"target\":{\"@type\":\"EntryPoint\",\"urlTemplate\":\"https:\/\/cursadebombers.barcelona\/?s={search_term_string}\"},\"query-input\":{\"@type\":\"PropertyValueSpecification\",\"valueRequired\":true,\"valueName\":\"search_term_string\"}}],\"inLanguage\":\"en-US\"},{\"@type\":\"Organization\",\"@id\":\"https:\/\/cursadebombers.barcelona\/#organization\",\"name\":\"Cursa de Bombers\",\"url\":\"https:\/\/cursadebombers.barcelona\/\",\"logo\":{\"@type\":\"ImageObject\",\"inLanguage\":\"en-US\",\"@id\":\"https:\/\/cursadebombers.barcelona\/#\/schema\/logo\/image\/\",\"url\":\"https:\/\/cursadebombers.barcelona\/wp-content\/uploads\/2025\/06\/logo-cursa-bombers-app.png\",\"contentUrl\":\"https:\/\/cursadebombers.barcelona\/wp-content\/uploads\/2025\/06\/logo-cursa-bombers-app.png\",\"width\":512,\"height\":512,\"caption\":\"Cursa de Bombers\"},\"image\":{\"@id\":\"https:\/\/cursadebombers.barcelona\/#\/schema\/logo\/image\/\"},\"sameAs\":[\"https:\/\/www.facebook.com\/CursadeBombers\/\",\"https:\/\/x.com\/cursadebombers\",\"https:\/\/www.instagram.com\/cursadebombers\/\"]},{\"@type\":\"Person\",\"@id\":\"https:\/\/cursadebombers.barcelona\/#\/schema\/person\/35d4ce676dd5e5d74d5c815d7644a99a\",\"name\":\"Toni\",\"url\":\"https:\/\/cursadebombers.barcelona\/en\/author\/toni\/\"}]}<\/script>\n<!-- \/ Yoast SEO plugin. -->","yoast_head_json":{"title":"These will be the streets cut by the Vueling Cursa Bombers Barcelona 2024 - Cursa de Bombers","description":"The first effects will begin on Friday, the 8th, and at 5:00 p.m. on Sunday, traffic is expected to be fully normalized. This year, it is estimated that 453 firemen will participate, 223 of whom are from the Barcelona Fire Department.","robots":{"index":"index","follow":"follow","max-snippet":"max-snippet:-1","max-image-preview":"max-image-preview:large","max-video-preview":"max-video-preview:-1"},"canonical":"https:\/\/cursadebombers.barcelona\/en\/2024\/11\/07\/aquests-seran-els-carrers-tallats-per-la-vueling-cursa-bombers-barcelona-2024\/","og_locale":"en_US","og_type":"article","og_title":"These will be the streets cut by the Vueling Cursa Bombers Barcelona 2024 - Cursa de Bombers","og_description":"The first effects will begin on Friday, the 8th, and at 5:00 p.m. on Sunday, traffic is expected to be fully normalized. This year, it is estimated that 453 firemen will participate, 223 of whom are from the Barcelona Fire Department.","og_url":"https:\/\/cursadebombers.barcelona\/en\/2024\/11\/07\/aquests-seran-els-carrers-tallats-per-la-vueling-cursa-bombers-barcelona-2024\/","og_site_name":"Cursa de Bombers","article_publisher":"https:\/\/www.facebook.com\/CursadeBombers\/","article_published_time":"2024-11-07T11:18:38+00:00","article_modified_time":"2024-11-07T11:23:37+00:00","og_image":[{"width":2048,"height":1384,"url":"https:\/\/cursadebombers.barcelona\/wp-content\/uploads\/2024\/10\/53279492433_886ff666cb_k.jpg","type":"image\/jpeg"}],"author":"Toni","twitter_card":"summary_large_image","twitter_creator":"@cursadebombers","twitter_site":"@cursadebombers","twitter_misc":{"Written by":"Toni","Est. reading time":"4 minutes"},"schema":{"@context":"https:\/\/schema.org","@graph":[{"@type":"Article","@id":"https:\/\/cursadebombers.barcelona\/en\/2024\/11\/07\/aquests-seran-els-carrers-tallats-per-la-vueling-cursa-bombers-barcelona-2024\/#article","isPartOf":{"@id":"https:\/\/cursadebombers.barcelona\/en\/2024\/11\/07\/aquests-seran-els-carrers-tallats-per-la-vueling-cursa-bombers-barcelona-2024\/"},"author":{"name":"Toni","@id":"https:\/\/cursadebombers.barcelona\/#\/schema\/person\/35d4ce676dd5e5d74d5c815d7644a99a"},"headline":"These will be the streets cut by the Vueling Cursa Bombers Barcelona 2024","datePublished":"2024-11-07T11:18:38+00:00","dateModified":"2024-11-07T11:23:37+00:00","mainEntityOfPage":{"@id":"https:\/\/cursadebombers.barcelona\/en\/2024\/11\/07\/aquests-seran-els-carrers-tallats-per-la-vueling-cursa-bombers-barcelona-2024\/"},"wordCount":592,"publisher":{"@id":"https:\/\/cursadebombers.barcelona\/#organization"},"image":{"@id":"https:\/\/cursadebombers.barcelona\/en\/2024\/11\/07\/aquests-seran-els-carrers-tallats-per-la-vueling-cursa-bombers-barcelona-2024\/#primaryimage"},"thumbnailUrl":"https:\/\/cursadebombers.barcelona\/wp-content\/uploads\/2024\/10\/53279492433_886ff666cb_k.jpg","articleSection":["Sin categorizar"],"inLanguage":"en-US"},{"@type":"WebPage","@id":"https:\/\/cursadebombers.barcelona\/en\/2024\/11\/07\/aquests-seran-els-carrers-tallats-per-la-vueling-cursa-bombers-barcelona-2024\/","url":"https:\/\/cursadebombers.barcelona\/en\/2024\/11\/07\/aquests-seran-els-carrers-tallats-per-la-vueling-cursa-bombers-barcelona-2024\/","name":"These will be the streets cut by the Vueling Cursa Bombers Barcelona 2024 - Cursa de Bombers","isPartOf":{"@id":"https:\/\/cursadebombers.barcelona\/#website"},"primaryImageOfPage":{"@id":"https:\/\/cursadebombers.barcelona\/en\/2024\/11\/07\/aquests-seran-els-carrers-tallats-per-la-vueling-cursa-bombers-barcelona-2024\/#primaryimage"},"image":{"@id":"https:\/\/cursadebombers.barcelona\/en\/2024\/11\/07\/aquests-seran-els-carrers-tallats-per-la-vueling-cursa-bombers-barcelona-2024\/#primaryimage"},"thumbnailUrl":"https:\/\/cursadebombers.barcelona\/wp-content\/uploads\/2024\/10\/53279492433_886ff666cb_k.jpg","datePublished":"2024-11-07T11:18:38+00:00","dateModified":"2024-11-07T11:23:37+00:00","description":"The first effects will begin on Friday, the 8th, and at 5:00 p.m. on Sunday, traffic is expected to be fully normalized. This year, it is estimated that 453 firemen will participate, 223 of whom are from the Barcelona Fire Department.","breadcrumb":{"@id":"https:\/\/cursadebombers.barcelona\/en\/2024\/11\/07\/aquests-seran-els-carrers-tallats-per-la-vueling-cursa-bombers-barcelona-2024\/#breadcrumb"},"inLanguage":"en-US","potentialAction":[{"@type":"ReadAction","target":["https:\/\/cursadebombers.barcelona\/en\/2024\/11\/07\/aquests-seran-els-carrers-tallats-per-la-vueling-cursa-bombers-barcelona-2024\/"]}]},{"@type":"ImageObject","inLanguage":"en-US","@id":"https:\/\/cursadebombers.barcelona\/en\/2024\/11\/07\/aquests-seran-els-carrers-tallats-per-la-vueling-cursa-bombers-barcelona-2024\/#primaryimage","url":"https:\/\/cursadebombers.barcelona\/wp-content\/uploads\/2024\/10\/53279492433_886ff666cb_k.jpg","contentUrl":"https:\/\/cursadebombers.barcelona\/wp-content\/uploads\/2024\/10\/53279492433_886ff666cb_k.jpg","width":2048,"height":1384},{"@type":"BreadcrumbList","@id":"https:\/\/cursadebombers.barcelona\/en\/2024\/11\/07\/aquests-seran-els-carrers-tallats-per-la-vueling-cursa-bombers-barcelona-2024\/#breadcrumb","itemListElement":[{"@type":"ListItem","position":1,"name":"Inici","item":"https:\/\/cursadebombers.barcelona\/"},{"@type":"ListItem","position":2,"name":"These will be the streets cut by the Vueling Cursa Bombers Barcelona 2024"}]},{"@type":"WebSite","@id":"https:\/\/cursadebombers.barcelona\/#website","url":"https:\/\/cursadebombers.barcelona\/","name":"Cursa de Bombers","description":"La Cursa dels Bombers de Barcelona.","publisher":{"@id":"https:\/\/cursadebombers.barcelona\/#organization"},"potentialAction":[{"@type":"SearchAction","target":{"@type":"EntryPoint","urlTemplate":"https:\/\/cursadebombers.barcelona\/?s={search_term_string}"},"query-input":{"@type":"PropertyValueSpecification","valueRequired":true,"valueName":"search_term_string"}}],"inLanguage":"en-US"},{"@type":"Organization","@id":"https:\/\/cursadebombers.barcelona\/#organization","name":"Cursa de Bombers","url":"https:\/\/cursadebombers.barcelona\/","logo":{"@type":"ImageObject","inLanguage":"en-US","@id":"https:\/\/cursadebombers.barcelona\/#\/schema\/logo\/image\/","url":"https:\/\/cursadebombers.barcelona\/wp-content\/uploads\/2025\/06\/logo-cursa-bombers-app.png","contentUrl":"https:\/\/cursadebombers.barcelona\/wp-content\/uploads\/2025\/06\/logo-cursa-bombers-app.png","width":512,"height":512,"caption":"Cursa de Bombers"},"image":{"@id":"https:\/\/cursadebombers.barcelona\/#\/schema\/logo\/image\/"},"sameAs":["https:\/\/www.facebook.com\/CursadeBombers\/","https:\/\/x.com\/cursadebombers","https:\/\/www.instagram.com\/cursadebombers\/"]},{"@type":"Person","@id":"https:\/\/cursadebombers.barcelona\/#\/schema\/person\/35d4ce676dd5e5d74d5c815d7644a99a","name":"Toni","url":"https:\/\/cursadebombers.barcelona\/en\/author\/toni\/"}]}},"_links":{"self":[{"href":"https:\/\/cursadebombers.barcelona\/en\/wp-json\/wp\/v2\/posts\/13332","targetHints":{"allow":["GET"]}}],"collection":[{"href":"https:\/\/cursadebombers.barcelona\/en\/wp-json\/wp\/v2\/posts"}],"about":[{"href":"https:\/\/cursadebombers.barcelona\/en\/wp-json\/wp\/v2\/types\/post"}],"author":[{"embeddable":true,"href":"https:\/\/cursadebombers.barcelona\/en\/wp-json\/wp\/v2\/users\/4"}],"replies":[{"embeddable":true,"href":"https:\/\/cursadebombers.barcelona\/en\/wp-json\/wp\/v2\/comments?post=13332"}],"version-history":[{"count":4,"href":"https:\/\/cursadebombers.barcelona\/en\/wp-json\/wp\/v2\/posts\/13332\/revisions"}],"predecessor-version":[{"id":13343,"href":"https:\/\/cursadebombers.barcelona\/en\/wp-json\/wp\/v2\/posts\/13332\/revisions\/13343"}],"wp:featuredmedia":[{"embeddable":true,"href":"https:\/\/cursadebombers.barcelona\/en\/wp-json\/wp\/v2\/media\/13112"}],"wp:attachment":[{"href":"https:\/\/cursadebombers.barcelona\/en\/wp-json\/wp\/v2\/media?parent=13332"}],"wp:term":[{"taxonomy":"category","embeddable":true,"href":"https:\/\/cursadebombers.barcelona\/en\/wp-json\/wp\/v2\/categories?post=13332"},{"taxonomy":"post_tag","embeddable":true,"href":"https:\/\/cursadebombers.barcelona\/en\/wp-json\/wp\/v2\/tags?post=13332"}],"curies":[{"name":"wp","href":"https:\/\/api.w.org\/{rel}","templated":true}]}}